{"id":1570,"date":"2014-03-06T10:51:00","date_gmt":"2014-03-06T09:51:00","guid":{"rendered":"http:\/\/wptestsite.tecnavia.com\/chiesedisicilia_clientsite\/news\/2014\/03\/06\/caltagirone-quaerisma-di-solidarieta-iniziative-pastorali\/"},"modified":"2018-11-09T11:00:35","modified_gmt":"2018-01-13T11:00:35","slug":"caltagirone-quaerisma-di-solidarieta-iniziative-pastorali","status":"publish","type":"post","link":"https:\/\/www.chiesedisicilia.org\/2014\/03\/06\/caltagirone-quaerisma-di-solidarieta-iniziative-pastorali\/","title":{"rendered":"CALTAGIRONE. &#8220;QUAERISMA DI SOLIDARIET\u00c0&#8221;: INIZIATIVE PASTORALI"},"content":{"rendered":"<p class=\"MsoNoSpacing\"><span style=\"font-size: medium;\"><span style=\"font-family: 'Times New Roman';\">Con l\u2019inizio del tempo di Quaresima &#8211; che quest\u2019anno ha come tema, indicato dal Papa, \u201cSi \u00e8 fatto povero per arricchirci con la sua povert\u00e0\u201d (2 Cor 8,9) &#8211; prende il via anche il percorso diocesano della Quaresima di Carit\u00e0 2014. &#8220;Il tempo di Quaresima &#8211; spiega don Luciano Di Silvestro, direttore della Caritas diocesana &#8211; propone gi\u00e0 di per s\u00e9 il ritorno alla sobriet\u00e0, all\u2019essenziale, al primato di Dio sulle cose. In questo tempo di crisi economica e di crescenti preoccupazioni, siamo ancora di pi\u00f9 interpellati a rivedere i nostri stili di vita, seguendo l\u2019esemplarit\u00e0 di Ges\u00f9, per essere reciprocamente solidali, anche quando le molteplici difficolt\u00e0 che sperimentiamo, spingono in senso contrario&#8221;.<\/span><\/span><span style=\"font-size:12.0pt;font-family:\"Times New Roman\",\"serif\"\"><o:p><\/o:p><\/span><\/p>\n<p class=\"MsoNoSpacing\"><span style=\"font-size: medium;\"><span style=\"font-family: 'Times New Roman';\">Per quanto riguarda il profilo pastorale, sono due gli impegni individuati quest\u2019anno: l\u2019attenzione prioritaria ai poveri e l\u2019educazione alla carit\u00e0 per i bambini dei percorsi di iniziazione cristiana.<\/span><\/span><span style=\"font-size:12.0pt;font-family:\"Times New Roman\",\"serif\"\"><o:p><\/o:p><\/span><\/p>\n<p class=\"MsoNoSpacing\"><span style=\"font-size: medium;\"><span style=\"font-family: 'Times New Roman';\">Il ricavato delle offerte della Quaresima di Carit\u00e0 sar\u00e0 consegnato al Vescovo durante l\u2019offertorio della Messa Crismale del Gioved\u00ec Santo e sar\u00e0 destinato alle famiglie bisognose della Diocesi.<\/span><\/span><span style=\"font-size:12.0pt;font-family:\"Times New Roman\",\"serif\"\"><o:p><\/o:p><\/span><\/p>\n<p class=\"MsoNoSpacing\"><span style=\"font-size: medium;\"><span style=\"font-family: 'Times New Roman';\">Per i percorsi di iniziazione cristiana, sono stati invece predisposti, a livello diocesano, dalla Caritas e dall\u2019Ufficio catechistico dei sussidi per educare i bambini alla carit\u00e0, alla solidariet\u00e0, all\u2019attenzione al prossimo.<\/span><\/span><span style=\"font-size:12.0pt;font-family:\"Times New Roman\",\"serif\"\"><o:p><\/o:p><\/span><\/p>\n<p class=\"MsoNoSpacing\"><span style=\"font-size: medium;\"><span style=\"font-family: 'Times New Roman';\">Intanto \u00e8 gi\u00e0 in distribuzione presso le parrocchie della Diocesi il manifesto vincitore del Bando di concorso indetto dalla Caritas diocesana, in collaborazione con gli Uffici Beni culturali ecclesiastici, Catechistico, Comunicazioni sociali e Pastorale giovanile, per la promozione (logo e video) della Quaresima di Carit\u00e0 2014.<\/span><\/span><span style=\"font-size:12.0pt;font-family:\"Times New Roman\",\"serif\"\"><o:p><\/o:p><\/span><\/p>\n<p class=\"MsoNoSpacing\"><span style=\"font-size: medium;\"><span style=\"font-family: 'Times New Roman';\">&#8220;La partecipazione al concorso &#8211; commenta don Di Silvestro &#8211; \u00e8 stata molto positiva, anche se non tutte le comunit\u00e0 parrocchiali e\/o i gruppi ecclesiali si sono scommessi in questa proposta. Speriamo di poter migliorare ancora nei prossimi anni&#8221;.<\/span><\/span><span style=\"font-size:12.0pt;font-family:\"Times New Roman\",\"serif\";\nmso-no-proof:yes\"><o:p><\/o:p><\/span><\/p>\n<p class=\"MsoNoSpacing\"><span style=\"font-size: medium;\"><span style=\"font-family: 'Times New Roman';\">Si sono aggiudicati il primo posto per la sezione logo: categoria 6-14 anni, i bambini della Parrocchia Immacolata Concezione di Palagonia; categoria 15-30 anni, i giovani della Parrocchia Spirito Santo di Grammichele. Per la sezione video, invece, il primo premio \u00e8 stato ottenuto dai giovani della Parrocchia Madonna di Lourdes di Grammichele.<\/span><\/span><span style=\"font-size:12.0pt;font-family:\"Times New Roman\",\"serif\";\nmso-no-proof:yes\"><o:p><\/o:p><\/span><\/p>\n<p class=\"MsoNoSpacing\"><span style=\"font-size: medium;\"><span style=\"font-family: 'Times New Roman';\">Oltre al manifesto, realizzato con la rappresentazione grafica proposta dai bambini della Parrocchia Immacolata Concezione di Palagonia, sono stati prodotti:<\/span><\/span><span style=\"font-size:12.0pt;font-family:\"Times New Roman\",\"serif\"\"><o:p><\/o:p><\/span><\/p>\n<p class=\"MsoNoSpacing\"><span style=\"font-size: medium;\"><span style=\"font-family: 'Times New Roman';\">un salvadanaio (uno per ogni gruppo di Iniziazione cristiana) e le \u201cbuste\u201d per gli adulti; <\/span><\/span><span style=\"font-size:12.0pt;font-family:\"Times New Roman\",\"serif\"\"><o:p><\/o:p><\/span><\/p>\n<p class=\"MsoNoSpacing\"><span style=\"font-size: medium;\"><span style=\"font-family: 'Times New Roman';\">un quaderno didattico per bambini, per proporre in modo attivo e coinvolgente &#8211; settimana per settimana &#8211; l\u2019esigenza di contribuire a ricomporre il mondo, aggiustando i cuori; <\/span><\/span><span style=\"font-size:12.0pt;font-family:\"Times New Roman\",\"serif\"\"><o:p><\/o:p><\/span><\/p>\n<p class=\"MsoNoSpacing\"><span style=\"font-size: medium;\"><span style=\"font-family: 'Times New Roman';\">un sussidio per l\u2019animazione della catechesi parrocchiale per le cinque settimane di Quaresima; <\/span><\/span><span style=\"font-size:12.0pt;font-family:\"Times New Roman\",\"serif\"\"><o:p><\/o:p><\/span><\/p>\n<p class=\"MsoNoSpacing\"><span style=\"font-size: medium;\"><span style=\"font-family: 'Times New Roman';\">un fumetto per i bambini da utilizzare per la catechesi della III domenica di Quaresima.<\/span><\/span><span style=\"font-size:12.0pt;font-family:\"Times New Roman\",\"serif\"\"><o:p><\/o:p><\/span><\/p>\n<p class=\"MsoNoSpacing\"><span style=\"font-size: medium;\"><span style=\"font-family: 'Times New Roman';\">Il fumetto, il sussidio e il quaderno didattico per bambini sono scaricabili dai siti <\/span><\/span><span style=\"font-size:12.0pt;font-family:\"Times New Roman\",\"serif\"\"><a href=\"http:\/\/www.diocesidicaltagirone.it\/\"><span style=\"font-size: medium;\"><span style=\"font-family: 'Times New Roman';\">www.diocesidicaltagirone.it<\/span><\/span><\/a><span style=\"font-size: medium;\"><span style=\"font-family: 'Times New Roman';\"> e <\/span><\/span><a href=\"http:\/\/www.caritascaltagirone.it\/\"><span style=\"font-size: medium;\"><span style=\"font-family: 'Times New Roman';\">www.caritascaltagirone.it<\/span><\/span><\/a><span style=\"font-size: medium;\"><span style=\"font-family: 'Times New Roman';\">. [01]<\/span><\/span>\u00a0<o:p><\/o:p><\/span><\/p>\n","protected":false},"excerpt":{"rendered":"","protected":false},"author":1,"featured_media":0,"comment_status":"open","ping_status":"open","sticky":false,"template":"","format":"standard","meta":[],"categories":[30],"tags":[],"news-destination":[],"news-source":[],"is_homepage":[],"ta_other":[],"_links":{"self":[{"href":"https:\/\/www.chiesedisicilia.org\/chiesedisicilia\/news\/wp-json\/wp\/v2\/posts\/1570"}],"collection":[{"href":"https:\/\/www.chiesedisicilia.org\/chiesedisicilia\/news\/wp-json\/wp\/v2\/posts"}],"about":[{"href":"https:\/\/www.chiesedisicilia.org\/chiesedisicilia\/news\/wp-json\/wp\/v2\/types\/post"}],"author":[{"embeddable":true,"href":"https:\/\/www.chiesedisicilia.org\/chiesedisicilia\/news\/wp-json\/wp\/v2\/users\/1"}],"replies":[{"embeddable":true,"href":"https:\/\/www.chiesedisicilia.org\/chiesedisicilia\/news\/wp-json\/wp\/v2\/comments?post=1570"}],"version-history":[{"count":1,"href":"https:\/\/www.chiesedisicilia.org\/chiesedisicilia\/news\/wp-json\/wp\/v2\/posts\/1570\/revisions"}],"predecessor-version":[{"id":20053,"href":"https:\/\/www.chiesedisicilia.org\/chiesedisicilia\/news\/wp-json\/wp\/v2\/posts\/1570\/revisions\/20053"}],"wp:attachment":[{"href":"https:\/\/www.chiesedisicilia.org\/chiesedisicilia\/news\/wp-json\/wp\/v2\/media?parent=1570"}],"wp:term":[{"taxonomy":"category","embeddable":true,"href":"https:\/\/www.chiesedisicilia.org\/chiesedisicilia\/news\/wp-json\/wp\/v2\/categories?post=1570"},{"taxonomy":"post_tag","embeddable":true,"href":"https:\/\/www.chiesedisicilia.org\/chiesedisicilia\/news\/wp-json\/wp\/v2\/tags?post=1570"},{"taxonomy":"news-destination","embeddable":true,"href":"https:\/\/www.chiesedisicilia.org\/chiesedisicilia\/news\/wp-json\/wp\/v2\/news-destination?post=1570"},{"taxonomy":"news-source","embeddable":true,"href":"https:\/\/www.chiesedisicilia.org\/chiesedisicilia\/news\/wp-json\/wp\/v2\/news-source?post=1570"},{"taxonomy":"is_homepage","embeddable":true,"href":"https:\/\/www.chiesedisicilia.org\/chiesedisicilia\/news\/wp-json\/wp\/v2\/is_homepage?post=1570"},{"taxonomy":"ta_other","embeddable":true,"href":"https:\/\/www.chiesedisicilia.org\/chiesedisicilia\/news\/wp-json\/wp\/v2\/ta_other?post=1570"}],"curies":[{"name":"wp","href":"https:\/\/api.w.org\/{rel}","templated":true}]}}