{"id":15682,"date":"2022-09-21T17:46:06","date_gmt":"2022-09-21T15:46:06","guid":{"rendered":"http:\/\/www-chiesedisicilia-org-euwp*.sitenm.com\/?p=15682"},"modified":"2022-10-18T09:41:19","modified_gmt":"2021-12-22T09:41:19","slug":"esercizi-di-fraternita-per-i-presbiteri-di-sicilia","status":"publish","type":"post","link":"https:\/\/www.chiesedisicilia.org\/2022\/09\/21\/esercizi-di-fraternita-per-i-presbiteri-di-sicilia\/","title":{"rendered":"ESERCIZI DI PATERNIT\u00c0 PER I PRESBITERI DI SICILIA: TRE GIORNI DI PREGHIERA, FRATERNIT\u00c0 E CONFRONTO"},"content":{"rendered":"<p>Dopo l&#8217;esperienza seconda vissuta lo scorso anno a Siracusa con gli esercizi di fraternit\u00e0, nel corso dei quali si \u00e8 fatta &#8220;<em>esperienza dell&#8217;appartenenza all&#8217;unico Padre<\/em>&#8221; e ha aiutato &#8220;<em>a crescere nella fraternit\u00e0<\/em>&#8220;, i presbiteri di Sicilia si ritroveranno nei giorni 24, 25 e 26 ottobre prossimi ad Altavilla Milicia per vivere una tre giorni durante la quale rifletteranno sulla paternit\u00e0.<\/p>\n<p>\u00c8\u00a0continuando il percorso formativo gi\u00e0 avviato che la Commissione presbiterale siciliana propone questo nuovo appuntamento per riflettere su questa &#8220;<em>dimensione fondamentale del\u00a0ministero<\/em>&#8220;: gli ESERCIZI DI PATERNIT\u00c0 PRESBITERALE.<\/p>\n<p>&#8220;<em>La paternit\u00e0 non si improvvisa\u00a0<\/em>&#8211; scrive <strong>mons. Guglielmo Giombanco, vescovo di Patti e delegato CESi per il clero\u00a0<\/strong>nell&#8217;invito ufficiale all&#8217;evento\u00a0&#8211; <em>ma \u00e8 frutto di un cammino vissuto con gesti di umanit\u00e0 e di autentica spiritualit\u00e0 attraverso i quali si esprime il volto della paternit\u00e0 di Dio. \u00c8 un servizio\u00a0<\/em>&#8211; aggiunge il vescovo &#8211; <em>che si realizza impegnandosi ad essere padri capaci di ascoltare, di comprendere e non giudicare, di esprimere vicinanza, di compatire chi soffre, di incoraggiare e di rispettare i tempi di crescita di coloro che ci sono affidati. La paternit\u00e0, in quanto servizio di amore, non si impone ma si nutre di libert\u00e0 germoglia nella fede che sboccia<\/em>&#8220;.<\/p>\n<p>Tre le dimensioni del convenire: la preghiera, l&#8217;ascolto della Parola e la fraternit\u00e0. In queste i presbiteri, spiega la Cps &#8220;<em>approfondiranno la dimensione della paternit\u00e0 e faranno esercizio per viverla con ricchezza di umanit\u00e0 e con maturit\u00e0 interiore, per accompagnare i fratelli e le sorelle nel loro cammino di crescita nella fede<\/em>&#8220;.<\/p>\n<p>I lavori avranno inizio nel pomeriggio di luned\u00ec 24 ottobre. La relazione della prima giornata \u00e8 affidata a don Angelo Passaro, biblista, docente presso la Pontificia Facolt\u00e0 Teologica di Sicilia, che interverr\u00e0 su &#8220;La paternit\u00e0 nella Scrittura&#8221;.<\/p>\n<p>Nella seconda giornata sono previste due relazioni, entrambe di Amedeo Cencini, guida spirituale, psicologo e\u00a0psicoterapeuta.<\/p>\n<p>Il\u00a0terzo giorno la testimonianza di paternit\u00e0 e maternit\u00e0 dei coniugi Mauro Magatti e Chiara Giaccardi che si collegheranno online. Le conclusioni saranno di monsignor Giombanco.<\/p>\n<p>Nel corso della tre giorni sono previsti diversi momenti di confronto diretto e in gruppo e\u00a0il pellegrinaggio al Santuario della Madonna della Milicia.<\/p>\n<p>L&#8217;appuntamento si svolger\u00e0 presso l&#8217;Hotel Torre Normanna, ad Altavilla Milicia (PA).<\/p>\n<p><a href=\"http:\/\/euwp05.newsmemory.com\/chiesedisicilia\/news\/wp-content\/uploads\/sites\/2\/2022\/09\/Programma-e-depliant-degli-Esercizi-di-paternit\u00e0-presbiterale.pdf\">Programma e depliant degli Esercizi di paternit\u00e0 presbiterale<\/a><\/p>\n","protected":false},"excerpt":{"rendered":"","protected":false},"author":4,"featured_media":15681,"comment_status":"closed","ping_status":"closed","sticky":false,"template":"","format":"standard","meta":[],"categories":[7],"tags":[],"news-destination":[],"news-source":[],"is_homepage":[],"ta_other":[],"_links":{"self":[{"href":"https:\/\/www.chiesedisicilia.org\/chiesedisicilia\/news\/wp-json\/wp\/v2\/posts\/15682"}],"collection":[{"href":"https:\/\/www.chiesedisicilia.org\/chiesedisicilia\/news\/wp-json\/wp\/v2\/posts"}],"about":[{"href":"https:\/\/www.chiesedisicilia.org\/chiesedisicilia\/news\/wp-json\/wp\/v2\/types\/post"}],"author":[{"embeddable":true,"href":"https:\/\/www.chiesedisicilia.org\/chiesedisicilia\/news\/wp-json\/wp\/v2\/users\/4"}],"replies":[{"embeddable":true,"href":"https:\/\/www.chiesedisicilia.org\/chiesedisicilia\/news\/wp-json\/wp\/v2\/comments?post=15682"}],"version-history":[{"count":3,"href":"https:\/\/www.chiesedisicilia.org\/chiesedisicilia\/news\/wp-json\/wp\/v2\/posts\/15682\/revisions"}],"predecessor-version":[{"id":23874,"href":"https:\/\/www.chiesedisicilia.org\/chiesedisicilia\/news\/wp-json\/wp\/v2\/posts\/15682\/revisions\/23874"}],"wp:featuredmedia":[{"embeddable":true,"href":"https:\/\/www.chiesedisicilia.org\/chiesedisicilia\/news\/wp-json\/wp\/v2\/media\/15681"}],"wp:attachment":[{"href":"https:\/\/www.chiesedisicilia.org\/chiesedisicilia\/news\/wp-json\/wp\/v2\/media?parent=15682"}],"wp:term":[{"taxonomy":"category","embeddable":true,"href":"https:\/\/www.chiesedisicilia.org\/chiesedisicilia\/news\/wp-json\/wp\/v2\/categories?post=15682"},{"taxonomy":"post_tag","embeddable":true,"href":"https:\/\/www.chiesedisicilia.org\/chiesedisicilia\/news\/wp-json\/wp\/v2\/tags?post=15682"},{"taxonomy":"news-destination","embeddable":true,"href":"https:\/\/www.chiesedisicilia.org\/chiesedisicilia\/news\/wp-json\/wp\/v2\/news-destination?post=15682"},{"taxonomy":"news-source","embeddable":true,"href":"https:\/\/www.chiesedisicilia.org\/chiesedisicilia\/news\/wp-json\/wp\/v2\/news-source?post=15682"},{"taxonomy":"is_homepage","embeddable":true,"href":"https:\/\/www.chiesedisicilia.org\/chiesedisicilia\/news\/wp-json\/wp\/v2\/is_homepage?post=15682"},{"taxonomy":"ta_other","embeddable":true,"href":"https:\/\/www.chiesedisicilia.org\/chiesedisicilia\/news\/wp-json\/wp\/v2\/ta_other?post=15682"}],"curies":[{"name":"wp","href":"https:\/\/api.w.org\/{rel}","templated":true}]}}