{"id":1562,"date":"2014-01-15T12:12:00","date_gmt":"2014-01-15T11:12:00","guid":{"rendered":"http:\/\/wptestsite.tecnavia.com\/chiesedisicilia_clientsite\/news\/2014\/01\/15\/caltagirone-un-concorso-per-promuovere-la-quaresima-di-carita-2\/"},"modified":"2018-11-09T11:00:35","modified_gmt":"2018-01-13T11:00:35","slug":"caltagirone-un-concorso-per-promuovere-la-quaresima-di-carita-2","status":"publish","type":"post","link":"https:\/\/www.chiesedisicilia.org\/2014\/01\/15\/caltagirone-un-concorso-per-promuovere-la-quaresima-di-carita-2\/","title":{"rendered":"CALTAGIRONE. UN CONCORSO PER PROMUOVERE LA QUARESIMA DI CARIT\u00c0"},"content":{"rendered":"<p class=\"MsoNormal\" style=\"text-align:justify\"><span style=\"font-size: medium;\"><span style=\"font-family: 'Times New Roman';\">La Caritas diocesana, in collaborazione con gli Uffici per Beni culturali ecclesiastici, Catechistico, Comunicazioni sociali e Pastorale giovanile, bandisce, per la Diocesi di Caltagirone, il <a href=\"\/chiese_di_sicilia\/ufficio_stampa\/00002784_CALTAGIRONE._UN_CONCORSO_PER_PROMUOVERE_LA_QUARESIMA_DI_CARIT%C3%80.html\">concorso \u201cSi \u00e8 fatto povero per arricchirci con la sua povert\u00e0 (2Cor 8, 9)\u201d<\/a> per la realizzazione di un logo e di un video finalizzati alla promozione della Quaresima di Carit\u00e0 2014.<\/span><\/span><\/p>\n<p class=\"MsoNormal\" style=\"text-align:justify\"><span style=\"font-size: medium;\"><span style=\"font-family: 'Times New Roman';\">I partecipanti dovranno realizzare degli elaborati (un logo o un video) che esprimano lo spirito di Carit\u00e0 cristiana e sensibilizzino i giovani ad accogliere l\u2019invito a prendersi cura del prossimo.<\/span><\/span><\/p>\n<p class=\"MsoNormal\" style=\"text-align:justify\"><span style=\"font-size: medium;\"><span style=\"font-family: 'Times New Roman';\">Dai lavori dovr\u00e0 delinearsi l\u2019idea che i concorrenti hanno di Quaresima di Carit\u00e0 e\/o di come intendono viverla, facendo esplicito riferimento al tema annuale, sopra indicato.<\/span><\/span><\/p>\n<p class=\"MsoNormal\" style=\"text-align:justify\"><span style=\"font-size: medium;\"><span style=\"font-family: 'Times New Roman';\">\u201cCi siamo scommessi in questa iniziativa &#8211; afferma don Luciano Di Silvestro, direttore della Caritas diocesana &#8211; con l\u2019intento di rendere protagonisti, non solo della riflessione ma anche del linguaggio e del messaggio, i pi\u00f9 piccoli e i giovani. Contiamo, in questo modo, di promuovere la Quaresima di Carit\u00e0 2014, attraverso il dialogo sociale, e di raccontare storie di integrazione, di aiuto, di solidariet\u00e0, di amore, valorizzando la sensibilit\u00e0, la creativit\u00e0 e la capacit\u00e0 di lettura sociale dei giovani\u201d.<\/span><\/span><\/p>\n<p class=\"MsoNormal\" style=\"text-align:justify\"><span style=\"font-size: medium;\"><span style=\"font-family: 'Times New Roman';\"><span style=\"letter-spacing: 0.05pt;\">Il bando si rivolge a bambini, ragazzi e giovani appartenenti ai gruppi ecclesiali delle comunit\u00e0 parrocchiali della Diocesi, divisi in due categorie: dai 6 ai 14 anni e dai 15 ai 30 anni. <\/span>La partecipazione pu\u00f2 essere individuale o di gruppo; nel secondo caso, il gruppo dovr\u00e0 nominare un suo componente quale capogruppo e portavoce. Ogni concorrente\/gruppo potr\u00e0 partecipare scegliendo una delle due sezioni e presentando un solo elaborato. Agli effetti del concorso un gruppo di concorrenti avr\u00e0 collettivamente gli stessi diritti di un singolo. <\/span><\/span><\/p>\n<p class=\"MsoNormal\" style=\"text-align:justify\"><span style=\"font-size: medium;\"><span style=\"font-family: 'Times New Roman';\">Tutti i lavori dovranno essere accompagnati dalla lettera sottoscritta dal parroco. <\/span><\/span><\/p>\n<p class=\"MsoNormal\" style=\"text-align:justify\"><span style=\"font-size: medium;\"><span style=\"font-family: 'Times New Roman';\">La domanda di iscrizione, i moduli di cessione del copyright, e la liberatoria, per i minori di anni 18, dovranno essere sottoscritti anche da parte di uno dei genitori che esercita la potest\u00e0 genitoriale.<\/span><\/span><\/p>\n<p class=\"MsoNormal\" style=\"text-align:justify\"><span style=\"font-size: medium;\"><span style=\"font-family: 'Times New Roman';\">Le proposte dovranno pervenire all\u2019indirizzo di posta elettronica caritas@diocesidicaltagirone.it a partire da giorno 31 gennaio 2014 ed entro le ore 12.00 del 15 febbraio 2014. Non verranno presi in considerazione gli elaborati pervenuti all\u2019indirizzo di posta elettronica dopo tale data.<\/span><\/span><\/p>\n<p class=\"MsoNormal\" style=\"text-align:justify\"><span style=\"font-size: medium;\"><span style=\"font-family: 'Times New Roman';\">Il bando \u00e8 consultabile su www.diocesidicaltagirone.it e su <\/span><\/span><span style=\"font-size: medium;\"><a href=\"http:\/\/www.caritascaltagirone.it\/\"><span style=\"font-family: 'Times New Roman';\"><span style=\"color: windowtext; text-decoration: none;\">www.caritascaltagirone.it<\/span><\/span><\/a><span style=\"font-family: 'Times New Roman';\">. [01]<\/span><\/span><\/p>\n","protected":false},"excerpt":{"rendered":"","protected":false},"author":1,"featured_media":0,"comment_status":"open","ping_status":"open","sticky":false,"template":"","format":"standard","meta":[],"categories":[30],"tags":[],"news-destination":[],"news-source":[],"is_homepage":[],"ta_other":[],"_links":{"self":[{"href":"https:\/\/www.chiesedisicilia.org\/chiesedisicilia\/news\/wp-json\/wp\/v2\/posts\/1562"}],"collection":[{"href":"https:\/\/www.chiesedisicilia.org\/chiesedisicilia\/news\/wp-json\/wp\/v2\/posts"}],"about":[{"href":"https:\/\/www.chiesedisicilia.org\/chiesedisicilia\/news\/wp-json\/wp\/v2\/types\/post"}],"author":[{"embeddable":true,"href":"https:\/\/www.chiesedisicilia.org\/chiesedisicilia\/news\/wp-json\/wp\/v2\/users\/1"}],"replies":[{"embeddable":true,"href":"https:\/\/www.chiesedisicilia.org\/chiesedisicilia\/news\/wp-json\/wp\/v2\/comments?post=1562"}],"version-history":[{"count":1,"href":"https:\/\/www.chiesedisicilia.org\/chiesedisicilia\/news\/wp-json\/wp\/v2\/posts\/1562\/revisions"}],"predecessor-version":[{"id":20047,"href":"https:\/\/www.chiesedisicilia.org\/chiesedisicilia\/news\/wp-json\/wp\/v2\/posts\/1562\/revisions\/20047"}],"wp:attachment":[{"href":"https:\/\/www.chiesedisicilia.org\/chiesedisicilia\/news\/wp-json\/wp\/v2\/media?parent=1562"}],"wp:term":[{"taxonomy":"category","embeddable":true,"href":"https:\/\/www.chiesedisicilia.org\/chiesedisicilia\/news\/wp-json\/wp\/v2\/categories?post=1562"},{"taxonomy":"post_tag","embeddable":true,"href":"https:\/\/www.chiesedisicilia.org\/chiesedisicilia\/news\/wp-json\/wp\/v2\/tags?post=1562"},{"taxonomy":"news-destination","embeddable":true,"href":"https:\/\/www.chiesedisicilia.org\/chiesedisicilia\/news\/wp-json\/wp\/v2\/news-destination?post=1562"},{"taxonomy":"news-source","embeddable":true,"href":"https:\/\/www.chiesedisicilia.org\/chiesedisicilia\/news\/wp-json\/wp\/v2\/news-source?post=1562"},{"taxonomy":"is_homepage","embeddable":true,"href":"https:\/\/www.chiesedisicilia.org\/chiesedisicilia\/news\/wp-json\/wp\/v2\/is_homepage?post=1562"},{"taxonomy":"ta_other","embeddable":true,"href":"https:\/\/www.chiesedisicilia.org\/chiesedisicilia\/news\/wp-json\/wp\/v2\/ta_other?post=1562"}],"curies":[{"name":"wp","href":"https:\/\/api.w.org\/{rel}","templated":true}]}}