{"id":1561,"date":"2014-01-26T13:07:00","date_gmt":"2014-01-26T12:07:00","guid":{"rendered":"http:\/\/wptestsite.tecnavia.com\/chiesedisicilia_clientsite\/news\/2014\/01\/26\/caltagirone-giornata-diocesana-per-il-seminario-2\/"},"modified":"2018-11-09T11:00:35","modified_gmt":"2018-01-13T11:00:35","slug":"caltagirone-giornata-diocesana-per-il-seminario-2","status":"publish","type":"post","link":"https:\/\/www.chiesedisicilia.org\/2014\/01\/26\/caltagirone-giornata-diocesana-per-il-seminario-2\/","title":{"rendered":"CALTAGIRONE. GIORNATA DIOCESANA PER IL SEMINARIO"},"content":{"rendered":"<div>\u00abIn questa giornata quello che noi seminaristi chiediamo &#8211; afferma Giovanni Noto, seminarista del 3\u00b0 anno &#8211; non \u00e8 solo un sostegno economico, ma anche un aiuto con la preghiera, perch\u00e9 possiamo seguire la volont\u00e0 di Nostro Signore\u00bb: \u00a0cos\u00ec Giovanni Noto, seminarista del 3\u00b0anno, parlando della Giornata del Seminario celebrata\u00a0Domenica 26 Gennaio.<\/div>\n<div>\n<div>\u00abUna giornata che &#8211; scrive S.E. mons. Calogero Peri, vescovo di Caltagirone\u00a0\u00a0&#8211; ci sprona anche a fare con gioia e con generosit\u00e0 la nostra parte: il Seminario \u00e8 nostro e ha bisogno tanto di noi! Ha bisogno della nostra assidua e insistente preghiera, ha bisogno della nostra stima e del nostro affetto per la vocazione al ministero presbiterale, ha bisogno del nostro sostegno, anche finanziario, per le sue attivit\u00e0 formative\u00bb.<\/div>\n<div>\u00a0<\/div>\n<\/div>\n<div>Il Seminario, che ospita ad oggi 15 seminaristi , \u00e8 \u00absegno tangibile\u00a0&#8211;\u00a0continua mons. Peri nel messaggio\u00a0&#8211;\u00a0dell\u2019amore di Dio \u00a0che non si \u00e8 stancato di noi, ma anzi, mediante le loro persone, si premura, come un Padre affettuoso e provvidente, a prendersi cura di noi, perch\u00e9 la gioia del suo Vangelo accompagni e sostenga la nostra vita\u00bb<\/div>\n<div>\u00a0<\/div>\n<div>Sono diversi i modi per poter sostenere il Seminario in questa sua missione: con la preghiera e con la vita sacramentale; con l\u2019annuncio della Parola e con l\u2019educazione alla fede; con la guida e la testimonianza della carit\u00e0.\u00a0Fra le iniziative specifiche \u00e8 possibile, ad esempio, sottoscrivere l\u2019abbonamento al periodico Pagina del Seminario, per essere informati sull\u2019andamento e sulla vita dei nostri seminaristi; oppure adottare un seminarista nel suo periodo di formazione contribuendo al pagamento totale o parziale della retta annuale o mensile, o all\u2019acquisto dei libri di testo del Corso di Teologia, o delle tasse scolastiche all\u2019Istituto Teologico \u201cSan Paolo\u201d di Catania.<\/div>\n<div>\u00a0<\/div>\n","protected":false},"excerpt":{"rendered":"","protected":false},"author":1,"featured_media":0,"comment_status":"open","ping_status":"open","sticky":false,"template":"","format":"standard","meta":[],"categories":[30],"tags":[],"news-destination":[],"news-source":[],"is_homepage":[],"ta_other":[],"_links":{"self":[{"href":"https:\/\/www.chiesedisicilia.org\/chiesedisicilia\/news\/wp-json\/wp\/v2\/posts\/1561"}],"collection":[{"href":"https:\/\/www.chiesedisicilia.org\/chiesedisicilia\/news\/wp-json\/wp\/v2\/posts"}],"about":[{"href":"https:\/\/www.chiesedisicilia.org\/chiesedisicilia\/news\/wp-json\/wp\/v2\/types\/post"}],"author":[{"embeddable":true,"href":"https:\/\/www.chiesedisicilia.org\/chiesedisicilia\/news\/wp-json\/wp\/v2\/users\/1"}],"replies":[{"embeddable":true,"href":"https:\/\/www.chiesedisicilia.org\/chiesedisicilia\/news\/wp-json\/wp\/v2\/comments?post=1561"}],"version-history":[{"count":1,"href":"https:\/\/www.chiesedisicilia.org\/chiesedisicilia\/news\/wp-json\/wp\/v2\/posts\/1561\/revisions"}],"predecessor-version":[{"id":20044,"href":"https:\/\/www.chiesedisicilia.org\/chiesedisicilia\/news\/wp-json\/wp\/v2\/posts\/1561\/revisions\/20044"}],"wp:attachment":[{"href":"https:\/\/www.chiesedisicilia.org\/chiesedisicilia\/news\/wp-json\/wp\/v2\/media?parent=1561"}],"wp:term":[{"taxonomy":"category","embeddable":true,"href":"https:\/\/www.chiesedisicilia.org\/chiesedisicilia\/news\/wp-json\/wp\/v2\/categories?post=1561"},{"taxonomy":"post_tag","embeddable":true,"href":"https:\/\/www.chiesedisicilia.org\/chiesedisicilia\/news\/wp-json\/wp\/v2\/tags?post=1561"},{"taxonomy":"news-destination","embeddable":true,"href":"https:\/\/www.chiesedisicilia.org\/chiesedisicilia\/news\/wp-json\/wp\/v2\/news-destination?post=1561"},{"taxonomy":"news-source","embeddable":true,"href":"https:\/\/www.chiesedisicilia.org\/chiesedisicilia\/news\/wp-json\/wp\/v2\/news-source?post=1561"},{"taxonomy":"is_homepage","embeddable":true,"href":"https:\/\/www.chiesedisicilia.org\/chiesedisicilia\/news\/wp-json\/wp\/v2\/is_homepage?post=1561"},{"taxonomy":"ta_other","embeddable":true,"href":"https:\/\/www.chiesedisicilia.org\/chiesedisicilia\/news\/wp-json\/wp\/v2\/ta_other?post=1561"}],"curies":[{"name":"wp","href":"https:\/\/api.w.org\/{rel}","templated":true}]}}