{"id":15580,"date":"2022-06-30T11:40:43","date_gmt":"2022-06-30T09:40:43","guid":{"rendered":"http:\/\/www-chiesedisicilia-org-euwp*.sitenm.com\/?p=15580"},"modified":"2022-06-30T11:43:58","modified_gmt":"2021-09-03T11:43:58","slug":"don-baldo-reina-vescovo-lordinazione-episcopale-a-roma","status":"publish","type":"post","link":"https:\/\/www.chiesedisicilia.org\/2022\/06\/30\/don-baldo-reina-vescovo-lordinazione-episcopale-a-roma\/","title":{"rendered":"DON BALDO REINA VESCOVO: L&#8217;ORDINAZIONE EPISCOPALE A ROMA"},"content":{"rendered":"<p>Monsignor Baldassare Reina, per tutti don Baldo, del clero di Agrigento, \u00e8 vescovo. \u00c8 stato consacrato oggi in San Giovanni in Laterano nel corso di una solenne celebrazione\u00a0animata dal\u00a0coro della diocesi di Roma. Ha presieduto il\u00a0cardinale vicario Angelo De Donatis, con conconsacranti\u00a0i cardinali Francesco Montenegro, arcivescovo emerito di Agrigento, e Paolo Lojudice, arcivescovo di Siena \u2013 Colle di Val d\u2019Elsa \u2013 Montalcino. Concelebranti altri 3 cardinali, 19 vescovi e decine di sacerdoti.<\/p>\n<p>Don Baldo \u00e8 stato nominato ausiliare per il settore Ovest, delegato per i seminari e le vocazioni e titolare della sede di Acque di Mauritania. Insieme con lui sono stati ordinati anche Riccardo Lamba,\u00a0gi\u00e0 parroco di San Ponziano e originario di Caracas, in Venezuela, nominato ausiliare per il settore Est e titolare della sede di Medeli, e Daniele Salera, gi\u00e0 parroco di San Frumenzio, \u00e8 vescovo ausiliare per il settore Nord e titolare della sede di Tituli di Proconsolare.<\/p>\n<p>Tre gli spunti di riflessione dell\u2019omelia che sono anche tre inviti. \u201c<i>La gioia cristiana \u00e8 il grande tesoro del credente, che segna la differenza tra le soddisfazioni umane e la festa del regno dei cieli<\/i> \u2013 ha detto il cardinale -. <i>La gioia non \u00e8 figlia della fortuna o frutto dello sgomitare per raggiungere una buona poltrona, ma \u00e8 un dono divino intoccabile\u201d.<\/i><\/p>\n<p>La seconda parola chiave\u00a0consegnata agli ausiliari \u00e8 governare che nel linguaggio evangelico, ha spiegato il porporato, significa \u201c<i>pascere prima di tutto con la predicazione della Parola: il vescovo in quanto successore degli apostoli ha la responsabilit\u00e0 di annunciare ci\u00f2 che ha conosciuto. Il vescovo non \u00e8 l\u2019amministratore delegato che sposta preti o dice cosa bisogna fare. Certo a volte \u00e8 necessario<\/i> &#8211; ha detto -, <i>ma non \u00e8 il nostro compito primario. Un modo \u201cmuscolare\u201d di intendere il ministero episcopale pu\u00f2 apparire gagliardo, decisivo, risolutivo. Anche il mondo \u2013 sempre di pi\u00f9 \u2013 cerca l\u2019uomo forte! E poi? Cosa rimane dopo? Nel regno di Dio \u00e8 efficace solo ci\u00f2 che lo Spirito semina, non quello che decidiamo noi<\/i>&#8220;.<\/p>\n<p>Infine il presbiterio, parola\u00a0che per i tre neo vescovi \u201c<i>deve essere pi\u00f9 cara della vita\u00bb perch\u00e9 i primi destinatari delle loro cure \u00absono i preti e i diaconi diocesani e religiosi<\/i>\u201d.<\/p>\n<p>&nbsp;<\/p>\n","protected":false},"excerpt":{"rendered":"","protected":false},"author":4,"featured_media":15577,"comment_status":"closed","ping_status":"closed","sticky":false,"template":"","format":"standard","meta":[],"categories":[1],"tags":[],"news-destination":[],"news-source":[],"is_homepage":[],"ta_other":[],"_links":{"self":[{"href":"https:\/\/www.chiesedisicilia.org\/chiesedisicilia\/news\/wp-json\/wp\/v2\/posts\/15580"}],"collection":[{"href":"https:\/\/www.chiesedisicilia.org\/chiesedisicilia\/news\/wp-json\/wp\/v2\/posts"}],"about":[{"href":"https:\/\/www.chiesedisicilia.org\/chiesedisicilia\/news\/wp-json\/wp\/v2\/types\/post"}],"author":[{"embeddable":true,"href":"https:\/\/www.chiesedisicilia.org\/chiesedisicilia\/news\/wp-json\/wp\/v2\/users\/4"}],"replies":[{"embeddable":true,"href":"https:\/\/www.chiesedisicilia.org\/chiesedisicilia\/news\/wp-json\/wp\/v2\/comments?post=15580"}],"version-history":[{"count":1,"href":"https:\/\/www.chiesedisicilia.org\/chiesedisicilia\/news\/wp-json\/wp\/v2\/posts\/15580\/revisions"}],"predecessor-version":[{"id":15581,"href":"https:\/\/www.chiesedisicilia.org\/chiesedisicilia\/news\/wp-json\/wp\/v2\/posts\/15580\/revisions\/15581"}],"wp:featuredmedia":[{"embeddable":true,"href":"https:\/\/www.chiesedisicilia.org\/chiesedisicilia\/news\/wp-json\/wp\/v2\/media\/15577"}],"wp:attachment":[{"href":"https:\/\/www.chiesedisicilia.org\/chiesedisicilia\/news\/wp-json\/wp\/v2\/media?parent=15580"}],"wp:term":[{"taxonomy":"category","embeddable":true,"href":"https:\/\/www.chiesedisicilia.org\/chiesedisicilia\/news\/wp-json\/wp\/v2\/categories?post=15580"},{"taxonomy":"post_tag","embeddable":true,"href":"https:\/\/www.chiesedisicilia.org\/chiesedisicilia\/news\/wp-json\/wp\/v2\/tags?post=15580"},{"taxonomy":"news-destination","embeddable":true,"href":"https:\/\/www.chiesedisicilia.org\/chiesedisicilia\/news\/wp-json\/wp\/v2\/news-destination?post=15580"},{"taxonomy":"news-source","embeddable":true,"href":"https:\/\/www.chiesedisicilia.org\/chiesedisicilia\/news\/wp-json\/wp\/v2\/news-source?post=15580"},{"taxonomy":"is_homepage","embeddable":true,"href":"https:\/\/www.chiesedisicilia.org\/chiesedisicilia\/news\/wp-json\/wp\/v2\/is_homepage?post=15580"},{"taxonomy":"ta_other","embeddable":true,"href":"https:\/\/www.chiesedisicilia.org\/chiesedisicilia\/news\/wp-json\/wp\/v2\/ta_other?post=15580"}],"curies":[{"name":"wp","href":"https:\/\/api.w.org\/{rel}","templated":true}]}}