{"id":1556,"date":"2014-01-15T13:42:00","date_gmt":"2014-01-15T12:42:00","guid":{"rendered":"http:\/\/wptestsite.tecnavia.com\/chiesedisicilia_clientsite\/news\/2014\/01\/15\/caltagirone-cristo-non-puo-essere-diviso\/"},"modified":"2018-11-09T11:00:35","modified_gmt":"2018-01-13T11:00:35","slug":"caltagirone-cristo-non-puo-essere-diviso","status":"publish","type":"post","link":"https:\/\/www.chiesedisicilia.org\/2014\/01\/15\/caltagirone-cristo-non-puo-essere-diviso\/","title":{"rendered":"CALTAGIRONE. &#8220;CRISTO NON PU\u00d3 ESSERE DIVISO&#8221;"},"content":{"rendered":"<div><span style=\"font-size: medium;\"><span style=\"font-family: 'Times New Roman';\">Dal 18 al 25 gennaio sar\u00e0 celebrata la settimana di preghiera per l&#8217;unit\u00e0 dei cristiani. Nella diocesi di Caltagirone ad introdurre la sette giorni un incontro ecumenico che si terr\u00e0, sul tema &#8220;Cristo non pu\u00f2 essere diviso&#8221;, il 17 gennaio presso la Chiesa di San Giuseppe.\u00a0<\/span><\/span><\/div>\n<div><span style=\"font-size: medium;\"><span style=\"font-family: 'Times New Roman';\">\u00a0<\/span><\/span><\/div>\n<div><span style=\"font-size: medium;\"><span style=\"font-family: 'Times New Roman';\">All&#8217;iniziativa, organizzata dall\u2019Ufficio diocesano per l\u2019Ecumenismo e il Dialogo interreligioso, diretto dal delegato diocesano don Sebastiano Di Benedetto, interverranno mons. Calogero Peri, veascovo di Caltagirone, \u00a0i parroci pr. Mihai Ichim (Catania) e pr. Neculai Chilcos (Ragusa) della Metropolia Ortodossa Romena dell\u2019Europa Occidentale e Meridionale; e il pastore Enzo Paolo Caputo, che guida la Chiesa avventista di Caltagirone.<\/span><\/span><\/div>\n<div><span style=\"font-size: medium;\"><span style=\"font-family: 'Times New Roman';\">\u00a0<\/span><\/span><\/div>\n<div><span style=\"font-size: medium;\"><span style=\"font-family: 'Times New Roman';\">A Mazzarrone sono molto popolose, sia la comunit\u00e0 ortodossa rumena, sia la comunit\u00e0 avventista.<\/span><\/span><\/div>\n<div><span style=\"font-size: medium;\"><span style=\"font-family: 'Times New Roman';\">\u00abLa nostra cittadina, grazie alla prospera imprenditoria agricola ha da sempre attratto i flussi migratori &#8211; spiega don Di Benedetto, che \u00e8 anche parroco a Mazzarrone -. Il lavoro ha costituito una forte leva di integrazione sociale non solo per le prime generazioni di immigrati, ma anche per quelle successive\u00bb.<\/span><\/span><\/div>\n<div><span style=\"font-size: medium;\"><span style=\"font-family: 'Times New Roman';\">\u00a0<\/span><\/span><\/div>\n<div><span style=\"font-size: medium;\"><span style=\"font-family: 'Times New Roman';\">Durante l\u2019incontro, nel quale \u00e8 prevista la celebrazione della liturgia della Parola, mons. Peri ufficializzer\u00e0 la costituzione della Commissione ecumenica diocesana.<\/span><\/span><\/div>\n<div><span style=\"font-size: medium;\"><span style=\"font-family: 'Times New Roman';\">\u00a0<\/span><\/span><\/div>\n<div>\u00a0<\/div>\n<div>\u00a0<\/div>\n","protected":false},"excerpt":{"rendered":"","protected":false},"author":1,"featured_media":0,"comment_status":"open","ping_status":"open","sticky":false,"template":"","format":"standard","meta":[],"categories":[30],"tags":[],"news-destination":[],"news-source":[],"is_homepage":[],"ta_other":[],"_links":{"self":[{"href":"https:\/\/www.chiesedisicilia.org\/chiesedisicilia\/news\/wp-json\/wp\/v2\/posts\/1556"}],"collection":[{"href":"https:\/\/www.chiesedisicilia.org\/chiesedisicilia\/news\/wp-json\/wp\/v2\/posts"}],"about":[{"href":"https:\/\/www.chiesedisicilia.org\/chiesedisicilia\/news\/wp-json\/wp\/v2\/types\/post"}],"author":[{"embeddable":true,"href":"https:\/\/www.chiesedisicilia.org\/chiesedisicilia\/news\/wp-json\/wp\/v2\/users\/1"}],"replies":[{"embeddable":true,"href":"https:\/\/www.chiesedisicilia.org\/chiesedisicilia\/news\/wp-json\/wp\/v2\/comments?post=1556"}],"version-history":[{"count":1,"href":"https:\/\/www.chiesedisicilia.org\/chiesedisicilia\/news\/wp-json\/wp\/v2\/posts\/1556\/revisions"}],"predecessor-version":[{"id":20041,"href":"https:\/\/www.chiesedisicilia.org\/chiesedisicilia\/news\/wp-json\/wp\/v2\/posts\/1556\/revisions\/20041"}],"wp:attachment":[{"href":"https:\/\/www.chiesedisicilia.org\/chiesedisicilia\/news\/wp-json\/wp\/v2\/media?parent=1556"}],"wp:term":[{"taxonomy":"category","embeddable":true,"href":"https:\/\/www.chiesedisicilia.org\/chiesedisicilia\/news\/wp-json\/wp\/v2\/categories?post=1556"},{"taxonomy":"post_tag","embeddable":true,"href":"https:\/\/www.chiesedisicilia.org\/chiesedisicilia\/news\/wp-json\/wp\/v2\/tags?post=1556"},{"taxonomy":"news-destination","embeddable":true,"href":"https:\/\/www.chiesedisicilia.org\/chiesedisicilia\/news\/wp-json\/wp\/v2\/news-destination?post=1556"},{"taxonomy":"news-source","embeddable":true,"href":"https:\/\/www.chiesedisicilia.org\/chiesedisicilia\/news\/wp-json\/wp\/v2\/news-source?post=1556"},{"taxonomy":"is_homepage","embeddable":true,"href":"https:\/\/www.chiesedisicilia.org\/chiesedisicilia\/news\/wp-json\/wp\/v2\/is_homepage?post=1556"},{"taxonomy":"ta_other","embeddable":true,"href":"https:\/\/www.chiesedisicilia.org\/chiesedisicilia\/news\/wp-json\/wp\/v2\/ta_other?post=1556"}],"curies":[{"name":"wp","href":"https:\/\/api.w.org\/{rel}","templated":true}]}}