{"id":15553,"date":"2022-06-17T11:13:25","date_gmt":"2022-06-17T09:13:25","guid":{"rendered":"http:\/\/www-chiesedisicilia-org-euwp*.sitenm.com\/?p=15553"},"modified":"2022-06-17T21:17:15","modified_gmt":"2021-08-21T21:17:15","slug":"il-convegno-sullencicla-fratelli-tutti-e-su-youtube","status":"publish","type":"post","link":"https:\/\/www.chiesedisicilia.org\/2022\/06\/17\/il-convegno-sullencicla-fratelli-tutti-e-su-youtube\/","title":{"rendered":"IL CONVEGNO SULL&#8217;ENCICLA &#8220;FRATELLI TUTTI&#8221; \u00c8 SU YOUTUBE"},"content":{"rendered":"<p>Quattro video per rivivere i momenti salienti e gli interventi del\u00a0Convegno sull\u2019enciclica \u201c<strong>Fratelli tutti. Per un dialogo tra le culture e le religioni<\/strong>\u201d (Palermo, 13-14 maggio 2022), organizzato dall\u2019Ufficio regionale per l\u2019Ecumenismo e il Dialogo interreligioso della Conferenza episcopale siciliana,\u00a0dalla Pontificia Facolt\u00e0\u00a0Teologica di Sicilia e dal Dipartimento Cultura e Societ\u00e0 dell\u2019Universit\u00e0 degli studi di Palermo.<\/p>\n<p>Sono stati caricati sul <a href=\"https:\/\/www.youtube.com\/channel\/UCC69fA6-7BY4yumqlvQefnw\/videos?app=desktop\">canale youtube della Conferenza episcopale siciliana<\/a> i lavori introduttivi e le tre sessioni di lavoro dell&#8217;evento internazionale.<\/p>\n<p><img alt=\"IL CONVEGNO SULL'ENCICLA \"FRATELLI TUTTI\" \u00c8 SU YOUTUBE\" title=\"IL CONVEGNO SULL'ENCICLA \"FRATELLI TUTTI\" \u00c8 SU YOUTUBE\" loading=\"lazy\" class=\"size-medium wp-image-15391 alignleft\" src=\"https:\/\/www.chiesedisicilia.org\/chiesedisicilia\/news\/wp-content\/uploads\/sites\/2\/2022\/05\/IMG-20220511-WA0022.jpg\" alt=\"\" width=\"206\" height=\"300\" srcset=\"https:\/\/euwps06.newsmemory.com\/chiesedisicilia\/news\/wp-content\/uploads\/sites\/2\/2022\/05\/IMG-20220511-WA0022.jpg 1099w, https:\/\/euwps06.newsmemory.com\/chiesedisicilia\/news\/wp-content\/uploads\/sites\/2\/2022\/05\/IMG-20220511-WA0022-206x300.jpg 206w, https:\/\/euwps06.newsmemory.com\/chiesedisicilia\/news\/wp-content\/uploads\/sites\/2\/2022\/05\/IMG-20220511-WA0022-703x1024.jpg 703w, https:\/\/euwps06.newsmemory.com\/chiesedisicilia\/news\/wp-content\/uploads\/sites\/2\/2022\/05\/IMG-20220511-WA0022-768x1118.jpg 768w, https:\/\/euwps06.newsmemory.com\/chiesedisicilia\/news\/wp-content\/uploads\/sites\/2\/2022\/05\/IMG-20220511-WA0022-1055x1536.jpg 1055w, https:\/\/euwps06.newsmemory.com\/chiesedisicilia\/news\/wp-content\/uploads\/sites\/2\/2022\/05\/IMG-20220511-WA0022-750x1092.jpg 750w\" sizes=\"(max-width: 206px) 100vw, 206px\" \/>Nel primo, che raccoglie <em><strong><a href=\"https:\/\/www.youtube.com\/watch?v=4xwx1IXHPs0\">il momento introduttivo<\/a><\/strong><\/em>, \u00e8 possibile rivedere l&#8217;intervento di <strong>mons. Domenico Mogavero<\/strong>, vescovo di Mazara del Vallo e delegato CESi\u00a0per l\u2019Ecumenismo e il Dialogo interreligioso.<\/p>\n<p>Di seguito, moderati da don Giuseppe Rabita, direttore della Segreteria pastorale della Cesi,\u00a0i saluti istituzionali: di <strong>mons.\u00a0Corrado Lorefice<\/strong>, arcivescovo di Palermo; del <strong>prof. Massimo Midiri<\/strong>, rettore dell\u2019Universit\u00e0 degli Studi di Palermo; di <strong>Leoluca Orlando<\/strong>, sindaco di Palermo; del <strong>prof. Rosario Pistone o.p.<\/strong>,\u00a0preside della Facolt\u00e0 Teologica di Sicilia; di <strong>don Giuliano Savina<\/strong>, direttore dell&#8217;Ufficio Nazionale per l&#8217;Ecumenismo e il Dialogo Interreligioso della CEI che ha voluto essere presente ai lavori.<\/p>\n<p>Nel <a href=\"https:\/\/www.youtube.com\/watch?v=lN5GF3AFi-c\"><em><strong>video della prima sessione del convegno<\/strong><\/em><\/a>, gli interventi: del <strong>prof.<\/strong> <strong>don Massimo Naro<\/strong>, della Pontificia Facolt\u00e0 Teologica di Sicilia, su &#8220;L\u2019Enciclica \u201cFratelli Tutti\u201d pietra miliare nella storia del Dialogo Interreligioso&#8221;; del <strong>prof. Fabrizio D&#8217;Avenia<\/strong>, coordinatore del Corso di Studi\u00a0magistrale in \u201cReligioni e Culture\u201d presso Universit\u00e0 di Palermo, su &#8220;La fine della coscienza storica&#8221;; del <strong>card. Crist\u00f2bal L\u00f2pez Romero S.d.B.<\/strong>, arcivescovo di Rabat e amministratore apostolico di Tangeri, su &#8220;Come tradurre l&#8217;Enciclica nella vita pastorale di una Diocesi: una testimonianza di vita vissuta tra musulmani, ebrei e cristiani&#8221;;\u00a0 della <strong>prof.ssa\u00a0Rajae Naji El Mekkaoui<\/strong>, ambasciatrice del Regno del Marocco presso la Santa Sede, su &#8220;L\u2019Enciclica dal punto di vista di una docente e diplomatica musulmana&#8221;.\u00a0 Nel video anche il saluto fuori programma dello <strong>sceicco Badri Al Madani<\/strong>, imam di Palermo.<\/p>\n<p><img alt=\"IL CONVEGNO SULL'ENCICLA \"FRATELLI TUTTI\" \u00c8 SU YOUTUBE\" title=\"IL CONVEGNO SULL'ENCICLA \"FRATELLI TUTTI\" \u00c8 SU YOUTUBE\" loading=\"lazy\" class=\"size-medium wp-image-15389 alignright\" src=\"https:\/\/www.chiesedisicilia.org\/chiesedisicilia\/news\/wp-content\/uploads\/sites\/2\/2022\/05\/20220513_132640.jpg\" alt=\"\" width=\"300\" height=\"225\" \/>Nel <em><strong><a href=\"https:\/\/www.youtube.com\/watch?v=LM-2n0gR4HQ\">video della seconda sessione del Convegno sull&#8217;enciclica &#8220;Fratelli tutti&#8221;<\/a><\/strong><\/em>, moderati da don Luca Camilleri, vice direttore dell\u2019Ufficio regionale Cesi per l\u2019Ecumenismo e il Dialogo Interreligioso, intervengono:\u00a0 su &#8220;Costruire la fraternit\u00e0 nella dimensione internazionale&#8221;, la dott.ssa <strong>Francesca Di Giovanni<\/strong>, sottosegretario per il Settore Multilaterale della Sezione per i Rapporti con gli Stati della Segreteria di Stato della Santa Sede; sul tema &#8220;Da \u00abapprezzare la ricchezza e la bellezza dei semi di vita comune\u00bb (F.T. ver:31) al preparare un cibo da condividere: la tavola come luogo d\u2019incontro e dialogo&#8221;, il <strong>dott. Antonino Finocchiaro<\/strong>, dottorando di ricerca e cultore della materia di Diritto ecclesiastico presso l&#8217;Universit\u00e0 degli Studi di Enna \u201cKore\u201d; su &#8220;Fraternit\u00e0, amicizia sociale e le attuali migrazioni di popoli&#8221;, <strong>mons. Gian Carlo Perego<\/strong>, arcivescovo di Ferrara-Comacchio e Presidente della Commissione Cei per le Migrazioni.<\/p>\n<p>L&#8217;ultimo video \u00e8 quello della <strong><em><a href=\"https:\/\/www.youtube.com\/watch?v=LuGaG5axLEw\">terza sessione di lavoro<\/a><\/em><\/strong>, quella conclusiva, raccoglie gli interventi su &#8220;L\u2019apertura di nuovi percorsi nella formazione al Dialogo Interreligioso&#8221;, a cura del <strong>prof. Laurent Basanese S.J.<\/strong>, officiale Pontificio Consiglio per il Dialogo Interreligioso della Santa Sede e Fondatore Centro Studi Interreligiosi Pontificia Universit\u00e0 Gregoriana e su &#8220;La fratellanza umana, una prospettiva islamica&#8221;, del <strong>prof. Adnane Mokrani<\/strong>, della Pontificia Universit\u00e0 Gregoriana e Senior Fellow della Fondazione per le Scienze Religiose di Palermo. Dopo la comunicazione sul tema &#8220;Da Bari a Firenze: un cammino di fraternit\u00e0 della chiesa italiana&#8221; di <strong>mons. Antonino Raspanti<\/strong>, vescovo di Acireale e presidente della Conferenza episcopale siciliana, l&#8217;intervento finale e le conclusioni di <strong>mons. Domenico Mogavero<\/strong>, vescovo delegato Cesi per l\u2019Ecumenismo e il Dialogo Interreligioso.<\/p>\n<p>I video sono anche visibili nella <a href=\"https:\/\/www.youtube.com\/c\/Facolt%C3%A0TeologicadiSicilia\">pagina youtube della Facolt\u00e0 teologica di Sicilia &#8220;San Giovanni Evangelista&#8221;<\/a>.<\/p>\n<p>&nbsp;<\/p>\n","protected":false},"excerpt":{"rendered":"","protected":false},"author":4,"featured_media":15552,"comment_status":"closed","ping_status":"closed","sticky":false,"template":"","format":"standard","meta":[],"categories":[7],"tags":[],"news-destination":[],"news-source":[],"is_homepage":[],"ta_other":[],"_links":{"self":[{"href":"https:\/\/www.chiesedisicilia.org\/chiesedisicilia\/news\/wp-json\/wp\/v2\/posts\/15553"}],"collection":[{"href":"https:\/\/www.chiesedisicilia.org\/chiesedisicilia\/news\/wp-json\/wp\/v2\/posts"}],"about":[{"href":"https:\/\/www.chiesedisicilia.org\/chiesedisicilia\/news\/wp-json\/wp\/v2\/types\/post"}],"author":[{"embeddable":true,"href":"https:\/\/www.chiesedisicilia.org\/chiesedisicilia\/news\/wp-json\/wp\/v2\/users\/4"}],"replies":[{"embeddable":true,"href":"https:\/\/www.chiesedisicilia.org\/chiesedisicilia\/news\/wp-json\/wp\/v2\/comments?post=15553"}],"version-history":[{"count":2,"href":"https:\/\/www.chiesedisicilia.org\/chiesedisicilia\/news\/wp-json\/wp\/v2\/posts\/15553\/revisions"}],"predecessor-version":[{"id":23853,"href":"https:\/\/www.chiesedisicilia.org\/chiesedisicilia\/news\/wp-json\/wp\/v2\/posts\/15553\/revisions\/23853"}],"wp:featuredmedia":[{"embeddable":true,"href":"https:\/\/www.chiesedisicilia.org\/chiesedisicilia\/news\/wp-json\/wp\/v2\/media\/15552"}],"wp:attachment":[{"href":"https:\/\/www.chiesedisicilia.org\/chiesedisicilia\/news\/wp-json\/wp\/v2\/media?parent=15553"}],"wp:term":[{"taxonomy":"category","embeddable":true,"href":"https:\/\/www.chiesedisicilia.org\/chiesedisicilia\/news\/wp-json\/wp\/v2\/categories?post=15553"},{"taxonomy":"post_tag","embeddable":true,"href":"https:\/\/www.chiesedisicilia.org\/chiesedisicilia\/news\/wp-json\/wp\/v2\/tags?post=15553"},{"taxonomy":"news-destination","embeddable":true,"href":"https:\/\/www.chiesedisicilia.org\/chiesedisicilia\/news\/wp-json\/wp\/v2\/news-destination?post=15553"},{"taxonomy":"news-source","embeddable":true,"href":"https:\/\/www.chiesedisicilia.org\/chiesedisicilia\/news\/wp-json\/wp\/v2\/news-source?post=15553"},{"taxonomy":"is_homepage","embeddable":true,"href":"https:\/\/www.chiesedisicilia.org\/chiesedisicilia\/news\/wp-json\/wp\/v2\/is_homepage?post=15553"},{"taxonomy":"ta_other","embeddable":true,"href":"https:\/\/www.chiesedisicilia.org\/chiesedisicilia\/news\/wp-json\/wp\/v2\/ta_other?post=15553"}],"curies":[{"name":"wp","href":"https:\/\/api.w.org\/{rel}","templated":true}]}}