{"id":1552,"date":"2013-12-19T12:13:00","date_gmt":"2013-12-19T11:13:00","guid":{"rendered":"http:\/\/wptestsite.tecnavia.com\/chiesedisicilia_clientsite\/news\/2013\/12\/19\/caltagirone-il-vescovo-incontra-gli-insegnanti-di-religione-cattolica\/"},"modified":"2018-11-09T11:00:35","modified_gmt":"2018-01-13T11:00:35","slug":"caltagirone-il-vescovo-incontra-gli-insegnanti-di-religione-cattolica","status":"publish","type":"post","link":"https:\/\/www.chiesedisicilia.org\/2013\/12\/19\/caltagirone-il-vescovo-incontra-gli-insegnanti-di-religione-cattolica\/","title":{"rendered":"CALTAGIRONE. IL VESCOVO INCONTRA GLI INSEGNANTI DI RELIGIONE CATTOLICA"},"content":{"rendered":"<p class=\"MsoNormal\"><span style=\"font-size: medium;\"><span style=\"font-family: 'Times New Roman';\"><span style=\"color: windowtext;\">Il 18 dicembre, alle ore 17.30, mons. Calogero Peri, Vescovo di Caltagirone, nel corso di una liturgia eucaristica in Cattedrale, confermer\u00e0 il \u201cmandato\u201d agli insegnanti di religione cattolica della Diocesi; mandato che significa consapevolezza e responsabilit\u00e0 di concorrere con gli strumenti formativi e scolastici all\u2019educazione globale dei nostri bambini, fanciulli e giovani.<\/span><\/span><\/span><span style=\"font-size:12.0pt;color:windowtext\"><o:p><\/o:p><\/span><\/p>\n<p class=\"MsoNormal\"><span style=\"font-size: medium;\"><span style=\"font-family: 'Times New Roman';\"><span style=\"color: windowtext;\">\u201cQuesto \u2018mandato\u2019 sottolinea il ruolo ecclesiale dell\u2019insegnante di religione cattolica &#8211; afferma Vincenza Ilardi, direttore dell\u2019Ufficio diocesano per la Pastorale scolastica e l\u2019Insegnamento della religione cattolica (Ufficio scuola) -. Nei fatti l\u2019insegnante di religione ha una sorta di doppia cittadinanza: in quanto docente \u00e8 dipendente dello Stato e opera nel contesto delle finalit\u00e0 della scuola, con i diritti e i doveri di ogni docente, in piena sintonia e collaborazione con tutti gli organismi scolastici ai vari livelli. Anche se, in quanto docente di religione cattolica, viene nominato d\u2019intesa e riceve l\u2019apposita idoneit\u00e0 dall\u2019autorit\u00e0 ecclesiastica\u201d.<\/span><\/span><\/span><span style=\"font-size:12.0pt;color:windowtext\"><o:p><\/o:p><\/span><\/p>\n<p class=\"MsoNormal\"><span style=\"font-size: medium;\"><span style=\"font-family: 'Times New Roman';\"><span style=\"color: windowtext;\">L\u2019iniziativa si inserisce nell\u2019ambito delle varie attivit\u00e0 formative condivise dall\u2019Ufficio scuola con la Scuola Teologica di Base \u201cI. Marcin\u00f2\u201d.<\/span><\/span><\/span><span style=\"font-size:12.0pt;color:windowtext\"><o:p><\/o:p><\/span><\/p>\n<p class=\"MsoNormal\"><span style=\"font-size: medium;\"><span style=\"font-family: 'Times New Roman';\"><span style=\"color: windowtext;\">Questa modalit\u00e0 di \u201cintesa\u201d dice lo spirito e il significato squisitamente ecclesiale di tale \u201cmandato\u201d ed evidenzia le ragioni di fondo di una coerenza di vita e di fede degli insegnanti. In Diocesi sono 81 i docenti di religione cattolica: 50 nella scuola dell\u2019infanzia-primaria, 31 nella scuola media inferiore e superiore.<\/span><\/span><\/span><span style=\"font-size:12.0pt;color:windowtext\"><o:p><\/o:p><\/span><\/p>\n<p class=\"MsoNormal\"><span style=\"font-size: medium;\"><span style=\"font-family: 'Times New Roman';\"><span style=\"color: windowtext;\">A partire dal concorso del 2004, il 70% dei docenti \u00e8 a tempo indeterminato, e il 30% \u00e8 incaricato annuale &#8211; nominato su individuazione dell\u2019Ufficio scuola. L\u2019insegnamento della religione cattolica, in Italia, \u00e8 previsto per tutti i gradi di scuola di livello non universitario. <\/span><\/span><\/span><span style=\"font-size:12.0pt;color:windowtext\"><o:p><\/o:p><\/span><\/p>\n<p class=\"MsoNormal\"><span style=\"font-size: medium;\"><span style=\"font-family: 'Times New Roman';\"><span style=\"color: windowtext;\">\u201cLa presenza degli insegnati di religione cattolica nella scuola italiana \u00e8 disciplinata da apposita normativa &#8211; afferma don Gianni Zavattieri, direttore della Scuola Teologica di Base &#8211; e trova le sue ragioni di carattere pedagogico e storico-sociale in un servizio concordatario offerto di concerto dalla Chiesa Cattolica e dallo Stato, il quale, pur facendosi carico degli oneri conseguenti, come per ogni altra disciplina scolastica, ne condivide responsabilmente con la Chiesa la peculiarit\u00e0 e la funzione sociale e culturale, lontana da ogni pretesa o presunzione di privilegio\u201d.<\/span><\/span><\/span><span style=\"font-size:12.0pt;color:windowtext\"><o:p><\/o:p><\/span><\/p>\n<p class=\"MsoNormal\"><span style=\"font-size: medium;\"><span style=\"font-family: 'Times New Roman';\"><span style=\"color: windowtext;\">Aggiunge Alberto Asti, insegnante di religione cattolica e vice direttore dell\u2019Ufficio scuola: \u201cQuesto momento di ecclesialit\u00e0 offre anche l\u2019opportunit\u00e0 di andare oltre le solite polemiche strumentali circa la legittimit\u00e0 di questa prassi. Pur rispettando le posizioni di dissenso che trovano eco principalmente nelle aree culturali di dissenso, che si appellano al ruolo degli insegnanti di religione come lesivo delle libert\u00e0 individuali e dei principi di aconfessionalit\u00e0 delle istituzioni pubbliche, va sottolineata, senza riduzionismi ideologici, una indubbia funzione di libert\u00e0 e pluralit\u00e0, che esprime la coscienza educativa e la responsabilit\u00e0 dei genitori, che la legge garantisce adeguatamente, mediante il principio della opzionalit\u00e0 di avvalersene o meno\u201d. [01]<\/span><\/span><\/span><span style=\"font-size:12.0pt;color:windowtext\"><o:p><\/o:p><\/span><\/p>\n","protected":false},"excerpt":{"rendered":"","protected":false},"author":1,"featured_media":0,"comment_status":"open","ping_status":"open","sticky":false,"template":"","format":"standard","meta":[],"categories":[30],"tags":[],"news-destination":[],"news-source":[],"is_homepage":[],"ta_other":[],"_links":{"self":[{"href":"https:\/\/www.chiesedisicilia.org\/chiesedisicilia\/news\/wp-json\/wp\/v2\/posts\/1552"}],"collection":[{"href":"https:\/\/www.chiesedisicilia.org\/chiesedisicilia\/news\/wp-json\/wp\/v2\/posts"}],"about":[{"href":"https:\/\/www.chiesedisicilia.org\/chiesedisicilia\/news\/wp-json\/wp\/v2\/types\/post"}],"author":[{"embeddable":true,"href":"https:\/\/www.chiesedisicilia.org\/chiesedisicilia\/news\/wp-json\/wp\/v2\/users\/1"}],"replies":[{"embeddable":true,"href":"https:\/\/www.chiesedisicilia.org\/chiesedisicilia\/news\/wp-json\/wp\/v2\/comments?post=1552"}],"version-history":[{"count":1,"href":"https:\/\/www.chiesedisicilia.org\/chiesedisicilia\/news\/wp-json\/wp\/v2\/posts\/1552\/revisions"}],"predecessor-version":[{"id":20034,"href":"https:\/\/www.chiesedisicilia.org\/chiesedisicilia\/news\/wp-json\/wp\/v2\/posts\/1552\/revisions\/20034"}],"wp:attachment":[{"href":"https:\/\/www.chiesedisicilia.org\/chiesedisicilia\/news\/wp-json\/wp\/v2\/media?parent=1552"}],"wp:term":[{"taxonomy":"category","embeddable":true,"href":"https:\/\/www.chiesedisicilia.org\/chiesedisicilia\/news\/wp-json\/wp\/v2\/categories?post=1552"},{"taxonomy":"post_tag","embeddable":true,"href":"https:\/\/www.chiesedisicilia.org\/chiesedisicilia\/news\/wp-json\/wp\/v2\/tags?post=1552"},{"taxonomy":"news-destination","embeddable":true,"href":"https:\/\/www.chiesedisicilia.org\/chiesedisicilia\/news\/wp-json\/wp\/v2\/news-destination?post=1552"},{"taxonomy":"news-source","embeddable":true,"href":"https:\/\/www.chiesedisicilia.org\/chiesedisicilia\/news\/wp-json\/wp\/v2\/news-source?post=1552"},{"taxonomy":"is_homepage","embeddable":true,"href":"https:\/\/www.chiesedisicilia.org\/chiesedisicilia\/news\/wp-json\/wp\/v2\/is_homepage?post=1552"},{"taxonomy":"ta_other","embeddable":true,"href":"https:\/\/www.chiesedisicilia.org\/chiesedisicilia\/news\/wp-json\/wp\/v2\/ta_other?post=1552"}],"curies":[{"name":"wp","href":"https:\/\/api.w.org\/{rel}","templated":true}]}}