{"id":1548,"date":"2013-12-05T16:21:00","date_gmt":"2013-12-05T15:21:00","guid":{"rendered":"http:\/\/wptestsite.tecnavia.com\/chiesedisicilia_clientsite\/news\/2013\/12\/05\/caltagirone-pro-nobis-natus-il-natale-al-museo-diocesano\/"},"modified":"2018-11-09T11:00:35","modified_gmt":"2018-01-13T11:00:35","slug":"caltagirone-pro-nobis-natus-il-natale-al-museo-diocesano","status":"publish","type":"post","link":"https:\/\/www.chiesedisicilia.org\/2013\/12\/05\/caltagirone-pro-nobis-natus-il-natale-al-museo-diocesano\/","title":{"rendered":"CALTAGIRONE. \u201cPRO NOBIS NATUS\u201d: IL NATALE AL MUSEO DIOCESANO"},"content":{"rendered":"<p class=\"MsoNoSpacing\"><span style=\"font-size: medium; font-family: 'Times New Roman';\">Si alza il sipario sul \u201cNatale al Museo diocesano\u201d di Caltagirone. Sono diverse le iniziative in programma che integrano, nel tempo di Avvento e Natale, le esposizioni permanenti.<\/span><font size=\"3\">\u00a0<\/font><span style=\"font-family: 'Times New Roman'; font-size: medium;\">Il primo appuntamento in calendario \u00e8 la mostra <\/span><b style=\"font-family: 'Times New Roman'; font-size: medium;\">\u201cPro Nobis Natus\u201d,<\/b><span style=\"font-family: 'Times New Roman'; font-size: medium;\"> che sar\u00e0 inaugurata il venerd\u00ec 6 dicembre, alle ore 18.00, nella splendida cornice della cappella neogotica del Seminario di Citt\u00e0.<\/span><\/p>\n<p class=\"MsoNoSpacing\"><span style=\"font-size: medium;\"><span style=\"font-family: 'Times New Roman';\">L\u2019esposizione accoglie una selezione di presepi dalla met\u00e0 dell&#8217;800 sino ai nostri giorni, e offre l&#8217;opportunit\u00e0 irripetibile di rivivere una delle tradizioni artigianali pi\u00f9 antiche della citt\u00e0.\u00a0<\/span><\/span><span style=\"font-family: 'Times New Roman'; font-size: medium;\">Oltre venticinque capolavori di figurinai caltagironesi, provenienti da una collezione privata, tratteggiano un itinerario nella storia novecentesca del presepe in terracotta di Caltagirone.\u00a0<\/span><span style=\"font-size: medium;\"><span style=\"font-family: 'Times New Roman';\">Fulcro della mostra il pregevole gruppo ottocentesco, in terracotta dipinta, di Giuseppe Vaccaro Bongiovanni (1808-1889).<\/span><\/span><span style=\"font-size:12.0pt\"><o:p><\/o:p><\/span><\/p>\n<p class=\"MsoNoSpacing\"><span style=\"font-size: medium;\"><span style=\"font-family: 'Times New Roman';\">L&#8217;opera &#8211; trafugata nel 2009 dalla Cattedrale e recuperata nel luglio scorso &#8211; si compone di nove figure e rappresenta uno dei pi\u00f9 alti esempi d&#8217;arte ceramica siciliana, che viene ora restituita alla fruizione e all&#8217;ammirazione del pubblico. La mostra sar\u00e0 allestita sino al 12 gennaio 2014. <\/span><\/span><span style=\"font-size:12.0pt\"><o:p><\/o:p><\/span><\/p>\n<p class=\"MsoNoSpacing\"><span style=\"font-size: medium; font-family: 'Times New Roman';\">La cerimonia d\u2019inaugurazione verr\u00e0 introdotta da don Fabio Raimondi, direttore dell\u2019Ufficio diocesano per i Beni culturali ecclesiastici e direttore del Museo diocesano.<\/span><font size=\"3\">\u00a0<\/font><span style=\"font-family: 'Times New Roman'; font-size: medium;\">A seguire \u00e8 prevista la relazione del prof. Costantino Lauria, docente di Teologia presso l\u2019Issr \u201cM. Sturzo\u201d di Piazza Armerina e l\u2019Issr \u201cSanta Maria della Lettera\u201d di Messina, sul tema \u201cIl Natale nei Vangeli dell\u2019infanzia\u201d.<\/span><\/p>\n<p class=\"MsoNoSpacing\"><span style=\"font-size: medium;\"><span style=\"font-family: 'Times New Roman';\">Le conclusioni sono affidate a mons. Calogero Peri, Vescovo di Caltagirone.<\/span><\/span><span style=\"font-size:12.0pt\"><o:p><\/o:p><\/span><\/p>\n<p class=\"MsoNoSpacing\"><span style=\"font-size: medium;\"><span style=\"font-family: 'Times New Roman';\">\u201cIl tempo di Avvento e quello di Natale che lo segue ci invitano a fissare lo sguardo sul Verbo incarnato, per contemplare l&#8217;irruzione di Dio nella storia dell&#8217;umanit\u00e0 &#8211; afferma <i>don Raimondi<\/i> -. La mostra \u201cPro Nobis Natus\u201d<i> <\/i>vuole porsi come possibilit\u00e0 per gustare il mistero del Dio Bambino attraverso l&#8217;antica tradizione calatina del presepe artistico in terracotta. Una collezione privata di opere di figurinai caltagironesi far\u00e0 da corona al presepe ottocentesco di Giuseppe Vaccaro Bongiovanni che restituiamo all&#8217;ammirazione del pubblico\u201d.<\/span><\/span><span style=\"font-size:12.0pt\"><o:p><\/o:p><\/span><\/p>\n<p class=\"MsoNormal\"><span style=\"font-size: medium;\"><span style=\"font-family: 'Times New Roman';\">Con questa mostra, il Museo diocesano inaugura inoltre le <b>\u201cSerate nel chiostro\u201d<\/b>, tre appuntamenti culturali &#8211; il 22, il 26 e il 29 dicembre &#8211; che in maniera originale vogliono dar voce alle variegate espressioni dell&#8217;arte. [01]<\/span><\/span><span style=\"font-size:12.0pt\"><o:p><\/o:p><\/span><\/p>\n","protected":false},"excerpt":{"rendered":"","protected":false},"author":1,"featured_media":0,"comment_status":"open","ping_status":"open","sticky":false,"template":"","format":"standard","meta":[],"categories":[30],"tags":[],"news-destination":[],"news-source":[],"is_homepage":[],"ta_other":[],"_links":{"self":[{"href":"https:\/\/www.chiesedisicilia.org\/chiesedisicilia\/news\/wp-json\/wp\/v2\/posts\/1548"}],"collection":[{"href":"https:\/\/www.chiesedisicilia.org\/chiesedisicilia\/news\/wp-json\/wp\/v2\/posts"}],"about":[{"href":"https:\/\/www.chiesedisicilia.org\/chiesedisicilia\/news\/wp-json\/wp\/v2\/types\/post"}],"author":[{"embeddable":true,"href":"https:\/\/www.chiesedisicilia.org\/chiesedisicilia\/news\/wp-json\/wp\/v2\/users\/1"}],"replies":[{"embeddable":true,"href":"https:\/\/www.chiesedisicilia.org\/chiesedisicilia\/news\/wp-json\/wp\/v2\/comments?post=1548"}],"version-history":[{"count":1,"href":"https:\/\/www.chiesedisicilia.org\/chiesedisicilia\/news\/wp-json\/wp\/v2\/posts\/1548\/revisions"}],"predecessor-version":[{"id":20030,"href":"https:\/\/www.chiesedisicilia.org\/chiesedisicilia\/news\/wp-json\/wp\/v2\/posts\/1548\/revisions\/20030"}],"wp:attachment":[{"href":"https:\/\/www.chiesedisicilia.org\/chiesedisicilia\/news\/wp-json\/wp\/v2\/media?parent=1548"}],"wp:term":[{"taxonomy":"category","embeddable":true,"href":"https:\/\/www.chiesedisicilia.org\/chiesedisicilia\/news\/wp-json\/wp\/v2\/categories?post=1548"},{"taxonomy":"post_tag","embeddable":true,"href":"https:\/\/www.chiesedisicilia.org\/chiesedisicilia\/news\/wp-json\/wp\/v2\/tags?post=1548"},{"taxonomy":"news-destination","embeddable":true,"href":"https:\/\/www.chiesedisicilia.org\/chiesedisicilia\/news\/wp-json\/wp\/v2\/news-destination?post=1548"},{"taxonomy":"news-source","embeddable":true,"href":"https:\/\/www.chiesedisicilia.org\/chiesedisicilia\/news\/wp-json\/wp\/v2\/news-source?post=1548"},{"taxonomy":"is_homepage","embeddable":true,"href":"https:\/\/www.chiesedisicilia.org\/chiesedisicilia\/news\/wp-json\/wp\/v2\/is_homepage?post=1548"},{"taxonomy":"ta_other","embeddable":true,"href":"https:\/\/www.chiesedisicilia.org\/chiesedisicilia\/news\/wp-json\/wp\/v2\/ta_other?post=1548"}],"curies":[{"name":"wp","href":"https:\/\/api.w.org\/{rel}","templated":true}]}}