{"id":1546,"date":"2013-11-28T20:51:00","date_gmt":"2013-11-28T19:51:00","guid":{"rendered":"http:\/\/wptestsite.tecnavia.com\/chiesedisicilia_clientsite\/news\/2013\/11\/28\/caltagirone-chiamato-per-nome-condividi-la-gioia\/"},"modified":"2018-11-09T11:00:35","modified_gmt":"2018-01-13T11:00:35","slug":"caltagirone-chiamato-per-nome-condividi-la-gioia","status":"publish","type":"post","link":"https:\/\/www.chiesedisicilia.org\/2013\/11\/28\/caltagirone-chiamato-per-nome-condividi-la-gioia\/","title":{"rendered":"CALTAGIRONE. \u201cCHIAMATO PER NOME. CONDIVIDI LA GIOIA\u201d"},"content":{"rendered":"<p class=\"MsoNormal\" style=\"text-align:justify;tab-stops:0cm\"><span style=\"font-size: medium;\"><span style=\"font-family: 'Times New Roman';\">\u201cChiamato per nome. Condividi la gioia\u201d \u00e8 il tema degli incontri di preghiera che, come ogni anno, il Centro diocesano vocazioni (CdV) organizza coinvolgendo i giovani delle comunit\u00e0 parrocchiali della Diocesi. Gli incontri si aprono il 29 novembre, alle ore 20.30, presso la Chiesa del Collegio.<\/span><\/span><span style=\"font-size:12.0pt\"><o:p><\/o:p><\/span><\/p>\n<p class=\"MsoNormal\" style=\"text-align:justify;tab-stops:0cm\"><span style=\"font-size: medium;\"><span style=\"font-family: 'Times New Roman';\">\u201cAttraverso la nostra chiamata battesimale &#8211; spiega don Francesco Di Stefano, direttore del Cdv &#8211; siamo invitati a riscoprire la nostra vocazione, a condividerla e a testimoniarla con amore\u201d.<\/span><\/span><span style=\"font-size:12.0pt\"><o:p><\/o:p><\/span><\/p>\n<p class=\"MsoNormal\" style=\"text-align:justify;tab-stops:0cm\"><span style=\"font-size: medium;\"><span style=\"font-family: 'Times New Roman';\">Sono nove gli appuntamenti proposti, che integreranno la programmazione pastorale diocesana, per un percorso di preghiera e di discernimento che, anche logisticamente, vuole trasferire l\u2019idea della condivisione, dell\u2019incontro e della missione.<\/span><\/span><span style=\"font-size:12.0pt\"><o:p><\/o:p><\/span><\/p>\n<p class=\"MsoNormal\" style=\"text-align:justify;tab-stops:0cm\"><span style=\"font-size: medium; font-family: 'Times New Roman';\">&#8220;Riprendiamo l\u2019itinerario di preghiera vocazionale con un\u2019attenzione particolare alla riflessione sull\u2019iniziazione cristiana che sta coinvolgendo la nostra Diocesi &#8211; afferma don Giovanni Dimartino, vicedirettore del Cdv -. \u00c8 una preziosa occasione, offerta a tutti, per riscoprire il disegno di Dio a partire dalle scelte di vita che ciascuno di noi pu\u00f2 abbracciare, e per rispondere, come ci raccomanda Papa Francesco, alla chiamata del Signore con gioia&#8221;.<\/span><font size=\"3\">\u00a0<\/font><\/p>\n<p class=\"MsoNormal\" style=\"text-align:justify;tab-stops:0cm\"><span style=\"font-family: 'Times New Roman'; font-size: medium;\">Dopo il primo momento del 29 novembre, gli altri si svolgeranno nei giorni seguenti:<\/span><\/p>\n<p class=\"MsoNormal\" style=\"margin-left:14.2pt;text-align:justify;text-indent:\n-14.2pt;mso-list:l0 level1 lfo1;tab-stops:0cm;mso-layout-grid-align:none;\ntext-autospace:none\"><span style=\"font-size: medium;\"><span style=\"font-family: 'Times New Roman';\"><!--[if !supportLists]-->&#8211;\u00a0\u00a0\u00a0\u00a0\u00a0\u00a0 <!--[endif]--><b>20 dicembre<\/b>, ore 20.30, Parrocchia Santa Maria di Ges\u00f9;<\/span><\/span><span style=\"font-size:12.0pt\"><o:p><\/o:p><\/span><\/p>\n<p class=\"MsoNormal\" style=\"margin-left:14.2pt;text-align:justify;text-indent:\n-14.2pt;mso-list:l0 level1 lfo1;tab-stops:0cm;mso-layout-grid-align:none;\ntext-autospace:none\"><span style=\"font-size: medium;\"><span style=\"font-family: 'Times New Roman';\"><!--[if !supportLists]-->&#8211;\u00a0\u00a0\u00a0\u00a0\u00a0\u00a0 <!--[endif]--><b>1 gennaio<\/b> 2014, ore 1.30, Veglia mariana di inizio anno 2014, Santuario Maria SS. del Ponte;<\/span><\/span><span style=\"font-size:12.0pt\"><o:p><\/o:p><\/span><\/p>\n<p class=\"MsoNormal\" style=\"margin-left:14.2pt;text-align:justify;text-indent:\n-14.2pt;mso-list:l0 level1 lfo1;tab-stops:0cm;mso-layout-grid-align:none;\ntext-autospace:none\"><span style=\"font-size: medium;\"><span style=\"font-family: 'Times New Roman';\"><!--[if !supportLists]-->&#8211;\u00a0\u00a0\u00a0\u00a0\u00a0\u00a0 <!--[endif]--><b>24 gennaio<\/b>, ore 20.30, Parrocchia San Giovanni Bosco;<\/span><\/span><span style=\"font-size:12.0pt\"><o:p><\/o:p><\/span><\/p>\n<p class=\"MsoNormal\" style=\"margin-left:14.2pt;text-align:justify;text-indent:\n-14.2pt;mso-list:l0 level1 lfo1;tab-stops:0cm;mso-layout-grid-align:none;\ntext-autospace:none\"><span style=\"font-size: medium;\"><span style=\"font-family: 'Times New Roman';\"><!--[if !supportLists]-->&#8211;\u00a0\u00a0\u00a0\u00a0\u00a0\u00a0 <!--[endif]--><b>9 febbraio<\/b>, Festa diocesana dei fidanzati e degli innamorati;<\/span><\/span><span style=\"font-size:12.0pt\"><o:p><\/o:p><\/span><\/p>\n<p class=\"MsoNormal\" style=\"margin-left:14.2pt;text-align:justify;text-indent:\n-14.2pt;mso-list:l0 level1 lfo1;tab-stops:0cm;mso-layout-grid-align:none;\ntext-autospace:none\"><span style=\"font-size: medium;\"><span style=\"font-family: 'Times New Roman';\"><!--[if !supportLists]-->&#8211;\u00a0\u00a0\u00a0\u00a0\u00a0\u00a0 <!--[endif]--><b>28 febbraio<\/b>, ore 20.30, Parrocchia Sacra Famiglia;<\/span><\/span><span style=\"font-size:12.0pt\"><o:p><\/o:p><\/span><\/p>\n<p class=\"MsoNormal\" style=\"margin-left:14.2pt;text-align:justify;text-indent:\n-14.2pt;mso-list:l0 level1 lfo1;tab-stops:0cm;mso-layout-grid-align:none;\ntext-autospace:none\"><span style=\"font-size: medium;\"><span style=\"font-family: 'Times New Roman';\"><!--[if !supportLists]-->&#8211;\u00a0\u00a0\u00a0\u00a0\u00a0\u00a0 <!--[endif]--><b>28 marzo<\/b>, ore 20.30, Parrocchia San Giorgio;<\/span><\/span><span style=\"font-size:12.0pt\"><o:p><\/o:p><\/span><\/p>\n<p class=\"MsoNormal\" style=\"margin-left:14.2pt;text-align:justify;text-indent:\n-14.2pt;mso-list:l0 level1 lfo1;tab-stops:0cm;mso-layout-grid-align:none;\ntext-autospace:none\"><span style=\"font-size: medium;\"><span style=\"font-family: 'Times New Roman';\"><!--[if !supportLists]-->&#8211;\u00a0\u00a0\u00a0\u00a0\u00a0\u00a0 <!--[endif]--><b>11 maggio<\/b>, Festa diocesana dei cresimandi;<\/span><\/span><span style=\"font-size:12.0pt\"><o:p><\/o:p><\/span><\/p>\n<p class=\"MsoNormal\" style=\"margin-left:14.2pt;text-align:justify;text-indent:\n-14.2pt;mso-list:l0 level1 lfo1;tab-stops:0cm;mso-layout-grid-align:none;\ntext-autospace:none\"><span style=\"font-size: medium;\"><span style=\"font-family: 'Times New Roman';\"><!--[if !supportLists]-->&#8211;\u00a0\u00a0\u00a0\u00a0\u00a0\u00a0 <!--[endif]--><b>25 maggio<\/b>, Festa diocesana della famiglia e dei giovani.<\/span><\/span><span style=\"font-size:12.0pt\"><o:p><\/o:p><\/span><\/p>\n<p class=\"MsoNormal\" style=\"text-align:justify;tab-stops:0cm\"><span style=\"font-size: medium;\"><span style=\"font-family: 'Times New Roman';\">Al centro di ogni incontro ci sar\u00e0 l\u2019Adorazione eucaristica. I contenuti saranno quindi mediati secondo modalit\u00e0 e metodologie ogni volta differenti. Una croce vocazionale accompagner\u00e0 il percorso e diventer\u00e0 un segno per la comunit\u00e0 che ospiter\u00e0 l\u2019incontro.<\/span><\/span><span style=\"font-size:12.0pt\"><o:p><\/o:p><\/span><\/p>\n<p class=\"MsoNormal\" style=\"text-align:justify;tab-stops:0cm\"><span style=\"font-size: medium;\"><span style=\"font-family: 'Times New Roman';\">\u201cSiamo un popolo di chiamati e a volte lo dimentichiamo &#8211; conclude don Di Stefano -. Questi incontri ci aiuteranno a riscoprire questa dimensione che \u00e8 essenziale del cristiano\u201d. [01]<\/span><\/span><span style=\"font-size:12.0pt\"><o:p><\/o:p><\/span><\/p>\n","protected":false},"excerpt":{"rendered":"","protected":false},"author":1,"featured_media":0,"comment_status":"open","ping_status":"open","sticky":false,"template":"","format":"standard","meta":[],"categories":[30],"tags":[],"news-destination":[],"news-source":[],"is_homepage":[],"ta_other":[],"_links":{"self":[{"href":"https:\/\/www.chiesedisicilia.org\/chiesedisicilia\/news\/wp-json\/wp\/v2\/posts\/1546"}],"collection":[{"href":"https:\/\/www.chiesedisicilia.org\/chiesedisicilia\/news\/wp-json\/wp\/v2\/posts"}],"about":[{"href":"https:\/\/www.chiesedisicilia.org\/chiesedisicilia\/news\/wp-json\/wp\/v2\/types\/post"}],"author":[{"embeddable":true,"href":"https:\/\/www.chiesedisicilia.org\/chiesedisicilia\/news\/wp-json\/wp\/v2\/users\/1"}],"replies":[{"embeddable":true,"href":"https:\/\/www.chiesedisicilia.org\/chiesedisicilia\/news\/wp-json\/wp\/v2\/comments?post=1546"}],"version-history":[{"count":1,"href":"https:\/\/www.chiesedisicilia.org\/chiesedisicilia\/news\/wp-json\/wp\/v2\/posts\/1546\/revisions"}],"predecessor-version":[{"id":20028,"href":"https:\/\/www.chiesedisicilia.org\/chiesedisicilia\/news\/wp-json\/wp\/v2\/posts\/1546\/revisions\/20028"}],"wp:attachment":[{"href":"https:\/\/www.chiesedisicilia.org\/chiesedisicilia\/news\/wp-json\/wp\/v2\/media?parent=1546"}],"wp:term":[{"taxonomy":"category","embeddable":true,"href":"https:\/\/www.chiesedisicilia.org\/chiesedisicilia\/news\/wp-json\/wp\/v2\/categories?post=1546"},{"taxonomy":"post_tag","embeddable":true,"href":"https:\/\/www.chiesedisicilia.org\/chiesedisicilia\/news\/wp-json\/wp\/v2\/tags?post=1546"},{"taxonomy":"news-destination","embeddable":true,"href":"https:\/\/www.chiesedisicilia.org\/chiesedisicilia\/news\/wp-json\/wp\/v2\/news-destination?post=1546"},{"taxonomy":"news-source","embeddable":true,"href":"https:\/\/www.chiesedisicilia.org\/chiesedisicilia\/news\/wp-json\/wp\/v2\/news-source?post=1546"},{"taxonomy":"is_homepage","embeddable":true,"href":"https:\/\/www.chiesedisicilia.org\/chiesedisicilia\/news\/wp-json\/wp\/v2\/is_homepage?post=1546"},{"taxonomy":"ta_other","embeddable":true,"href":"https:\/\/www.chiesedisicilia.org\/chiesedisicilia\/news\/wp-json\/wp\/v2\/ta_other?post=1546"}],"curies":[{"name":"wp","href":"https:\/\/api.w.org\/{rel}","templated":true}]}}