{"id":1543,"date":"2013-11-28T19:36:00","date_gmt":"2013-11-28T18:36:00","guid":{"rendered":"http:\/\/wptestsite.tecnavia.com\/chiesedisicilia_clientsite\/news\/2013\/11\/28\/caltagirone-ac-un-si-per-una-chiesa-piu-bella\/"},"modified":"2018-11-09T11:00:35","modified_gmt":"2018-01-13T11:00:35","slug":"caltagirone-ac-un-si-per-una-chiesa-piu-bella","status":"publish","type":"post","link":"https:\/\/www.chiesedisicilia.org\/2013\/11\/28\/caltagirone-ac-un-si-per-una-chiesa-piu-bella\/","title":{"rendered":"CALTAGIRONE. AC: \u201cUN S\u00cc PER UNA CHIESA PI\u00d9 BELLA!\u201d"},"content":{"rendered":"<p class=\"MsoNormal\" style=\"text-align:justify\"><span style=\"font-size: medium;\"><span style=\"font-family: 'Times New Roman';\">\u201cDove abiti Maria?\u201d \u00e8 lo slogan della veglia mariana che il Settore Giovani dell\u2019Azione Cattolica diocesana organizza il prossimo 30 novembre, a partire dalle ore 18.30, presso la Parrocchia Sant\u2019Anna, a Caltagirone, in preparazione alla festa dell\u2019adesione all\u2019associazione.<\/span><\/span><span style=\"font-size:12.0pt\"><o:p><\/o:p><\/span><\/p>\n<p class=\"MsoNormal\" style=\"text-align:justify\"><span style=\"font-size: medium;\"><span style=\"font-family: 'Times New Roman';\">\u201cMaria rappresenta il modello del primo discepolo di Ges\u00f9 &#8211; affermano Flavia Zappulla e Matteo Balata, vicepresidenti diocesani del Settore Giovani di AC -. Lei \u00e8 la forza motrice, \u00e8 colei che ha detto il primo \u201cs\u00ec\u201d affinch\u00e9 qualcosa di immensamente grande avvenisse. A lei, ogni anno, noi giovani chiediamo di accompagnarci in questo nostro cammino di fede e di vita, chiedendo la forza, la fede, l\u2019amore, la speranza\u201d.<\/span><\/span><span style=\"font-size:12.0pt\"><o:p><\/o:p><\/span><\/p>\n<p class=\"MsoNormal\" style=\"text-align:justify\"><span style=\"font-size: medium;\"><span style=\"font-family: 'Times New Roman';\">Dopo l\u2019accoglienza, i partecipanti rifletteranno sul tema \u201cVirtualosi? Mi piace\u201d. Alle ore 21.00 \u00e8 prevista la condivisione della cena. A mezzanotte inizier\u00e0 la veglia notturna che si concluder\u00e0 alle ore 6.30 con la benedizione eucaristica.<\/span><\/span><span style=\"font-size:12.0pt\"><o:p><\/o:p><\/span><\/p>\n<p class=\"MsoNormal\" style=\"text-align:justify\"><span style=\"font-size: medium;\"><span style=\"font-family: 'Times New Roman';\">Subito dopo la colazione, i giovani e i giovanissimi si sposteranno insieme verso la chiesa dell\u2019Immacolata per partecipare alla festa dell\u2019adesione. <\/span><\/span><span style=\"font-size:12.0pt\"><o:p><\/o:p><\/span><\/p>\n<p class=\"MsoNormal\" style=\"text-align:justify\"><span style=\"font-size: medium;\"><span style=\"font-family: 'Times New Roman';\">La veglia mariana dei giovani di AC fu proposta per la prima volta nel 2002, come momento di incontro e di preghiera. Da allora \u00e8 una tappa fondamentale, non solo per i giovani, nella programmazione associativa annuale. \u00c8 il momento da cui si parte, nell\u2019anno associativo, per accogliere ancora una volta la proposta formativa dell\u2019associazione e testimoniarne pubblicamente l\u2019adesione.<\/span><\/span><span style=\"font-size:12.0pt\"><o:p><\/o:p><\/span><\/p>\n<p class=\"MsoNormal\" style=\"text-align:justify\"><span style=\"font-size: medium;\"><span style=\"font-family: 'Times New Roman';\">\u201cA tutti coloro che dicono che i giovani hanno smesso di sperare, di credere, di pregare &#8211; commenta don Piero Sortino, assistente diocesano del Settore Giovani di AC -, chiediamo di fermarsi e di guardare negli occhi i giovani della nostra bella Diocesi, che ogni hanno si mettono in ginocchio davanti al Santissimo e accompagnati dalla Vergine Maria pregano per il mondo intero\u201d.<\/span><\/span><span style=\"font-size:12.0pt\"><o:p><\/o:p><\/span><\/p>\n<p class=\"MsoNormal\" style=\"text-align:justify\"><span style=\"font-size: medium;\"><span style=\"font-family: 'Times New Roman';\">La veglia, come gi\u00e0 detto, precede, per tradizione, la festa dell\u2019adesione all\u2019AC che, anche quest\u2019anno, sar\u00e0 celebrata a Caltagirone nella chiesa dell\u2019Immacolata.<\/span><\/span><span style=\"font-size:12.0pt\"><o:p><\/o:p><\/span><\/p>\n<p class=\"MsoNormal\" style=\"text-align:justify\"><span style=\"font-size: medium;\"><span style=\"font-family: 'Times New Roman';\">\u201cAderire all\u2019AC &#8211; dichiara Margherita Marchese, presidente diocesana di AC &#8211; \u00e8 entrare in una storia ultracentenaria di uomini e donne che hanno testimoniato la loro fede in Cristo, scegliendo di servirlo nel tessuto vivo della comunit\u00e0 ecclesiale e civile. Rinnovare dunque la nostra adesione ogni anno significa ribadire il nostro legame con le radici dell\u2019associazione, con la sua storia, col suo vissuto\u201d. [01]<\/span><\/span><span style=\"font-size:12.0pt;\nmso-bidi-font-size:10.0pt\"><o:p><\/o:p><\/span><\/p>\n<p class=\"MsoNormal\" style=\"text-align:justify\"><span style=\"font-size: medium;\"><span style=\"font-family: 'Times New Roman';\">La liturgia eucaristica, presieduta da don Gianni Zavattieri, vicario generale e assistente diocesano unitario di AC, durante la quale saranno benedette le tessere dell\u2019adesione degli oltre 1000 soci fra ragazzi, giovanissimi, giovani, adulti e adultissimi, \u00e8 prevista alle ore 9.00.<\/span><\/span><span style=\"font-size:12.0pt\"><o:p><\/o:p><\/span><\/p>\n<p class=\"MsoNormal\" style=\"text-align:justify\"><span style=\"font-size: medium;\"><span style=\"font-family: 'Times New Roman';\">A seguire, alle ore 10.00, presso il Centro diocesano, sede dell\u2019AC, \u00e8 convocato il Comitato presidenti parrocchiali per riflettere e condividere il percorso assembleare che fra dicembre 2013 e maggio del 2014 vedr\u00e0 il rinnovo di tutte le cariche associative. L\u2019incontro si concluder\u00e0 alle ore 12.30.<\/span><\/span><span style=\"font-size:12.0pt\">\u00a0[01]<o:p><\/o:p><\/span><\/p>\n","protected":false},"excerpt":{"rendered":"","protected":false},"author":1,"featured_media":0,"comment_status":"open","ping_status":"open","sticky":false,"template":"","format":"standard","meta":[],"categories":[30],"tags":[],"news-destination":[],"news-source":[],"is_homepage":[],"ta_other":[],"_links":{"self":[{"href":"https:\/\/www.chiesedisicilia.org\/chiesedisicilia\/news\/wp-json\/wp\/v2\/posts\/1543"}],"collection":[{"href":"https:\/\/www.chiesedisicilia.org\/chiesedisicilia\/news\/wp-json\/wp\/v2\/posts"}],"about":[{"href":"https:\/\/www.chiesedisicilia.org\/chiesedisicilia\/news\/wp-json\/wp\/v2\/types\/post"}],"author":[{"embeddable":true,"href":"https:\/\/www.chiesedisicilia.org\/chiesedisicilia\/news\/wp-json\/wp\/v2\/users\/1"}],"replies":[{"embeddable":true,"href":"https:\/\/www.chiesedisicilia.org\/chiesedisicilia\/news\/wp-json\/wp\/v2\/comments?post=1543"}],"version-history":[{"count":1,"href":"https:\/\/www.chiesedisicilia.org\/chiesedisicilia\/news\/wp-json\/wp\/v2\/posts\/1543\/revisions"}],"predecessor-version":[{"id":20025,"href":"https:\/\/www.chiesedisicilia.org\/chiesedisicilia\/news\/wp-json\/wp\/v2\/posts\/1543\/revisions\/20025"}],"wp:attachment":[{"href":"https:\/\/www.chiesedisicilia.org\/chiesedisicilia\/news\/wp-json\/wp\/v2\/media?parent=1543"}],"wp:term":[{"taxonomy":"category","embeddable":true,"href":"https:\/\/www.chiesedisicilia.org\/chiesedisicilia\/news\/wp-json\/wp\/v2\/categories?post=1543"},{"taxonomy":"post_tag","embeddable":true,"href":"https:\/\/www.chiesedisicilia.org\/chiesedisicilia\/news\/wp-json\/wp\/v2\/tags?post=1543"},{"taxonomy":"news-destination","embeddable":true,"href":"https:\/\/www.chiesedisicilia.org\/chiesedisicilia\/news\/wp-json\/wp\/v2\/news-destination?post=1543"},{"taxonomy":"news-source","embeddable":true,"href":"https:\/\/www.chiesedisicilia.org\/chiesedisicilia\/news\/wp-json\/wp\/v2\/news-source?post=1543"},{"taxonomy":"is_homepage","embeddable":true,"href":"https:\/\/www.chiesedisicilia.org\/chiesedisicilia\/news\/wp-json\/wp\/v2\/is_homepage?post=1543"},{"taxonomy":"ta_other","embeddable":true,"href":"https:\/\/www.chiesedisicilia.org\/chiesedisicilia\/news\/wp-json\/wp\/v2\/ta_other?post=1543"}],"curies":[{"name":"wp","href":"https:\/\/api.w.org\/{rel}","templated":true}]}}