{"id":1541,"date":"2013-11-14T17:00:00","date_gmt":"2013-11-14T16:00:00","guid":{"rendered":"http:\/\/wptestsite.tecnavia.com\/chiesedisicilia_clientsite\/news\/2013\/11\/14\/caltagirone-rns-limpegno-per-una-nuova-evangelizzazione\/"},"modified":"2018-11-09T11:00:35","modified_gmt":"2018-01-13T11:00:35","slug":"caltagirone-rns-limpegno-per-una-nuova-evangelizzazione","status":"publish","type":"post","link":"https:\/\/www.chiesedisicilia.org\/2013\/11\/14\/caltagirone-rns-limpegno-per-una-nuova-evangelizzazione\/","title":{"rendered":"CALTAGIRONE. RNS: \u201cL\u2019IMPEGNO PER UNA NUOVA EVANGELIZZAZIONE\u201d"},"content":{"rendered":"<p class=\"Style1\" style=\"text-align:justify;mso-layout-grid-align:auto\"><span style=\"font-size: medium;\"><span style=\"font-family: 'Times New Roman';\">\u201cLo Spirito del Signore ci ha consacrati e inviati per annunciare li Vangelo\u201d \u00e8 il tema, tratto dal Vangelo di Luca (4,18), del Convegno diocesano dei gruppi del Rinnovamento nello Spirito Santo (RnS) in programma, per domenica 10 novembre, a partire dalle ore 9.00, presso la Parrocchia Santa Maria della Stella.<\/span><\/span><span style=\"font-size:12.0pt;mso-bidi-font-style:italic\"><o:p><\/o:p><\/span><\/p>\n<p class=\"Style1\" style=\"text-align:justify;mso-layout-grid-align:auto\"><span style=\"font-size: medium;\"><span style=\"font-family: 'Times New Roman';\">\u201cAbbiamo deciso di fare questo secondo Convegno diocesano dei gruppi del RnS &#8211; spiega Teresa <b>Diraimondo<\/b>, coordinatrice diocesana del movimento &#8211; per incontrare tutti i fratelli all&#8217;inizio di quest\u2019ultimo anno di mandato pastorale, per pregare insieme e per sottolineare l&#8217;importanza dell&#8217;evangelizzazione a conclusione dell\u2019Anno della fede\u201d.<\/span><\/span><span style=\"font-size:12.0pt\"><o:p><\/o:p><\/span><\/p>\n<p class=\"MsoNormal\" style=\"text-align:justify\"><span style=\"font-size: medium;\"><span style=\"font-family: 'Times New Roman';\">Sul tema della nuova evangelizzazione il movimento ha concentrato la sua attenzione in questi anni. L\u2019impegno \u00e8 stato rilanciato durante la 36^ Convocazione Nazionale RnS, svoltasi a Rimini dal 25 al 28 aprile c.a., e verr\u00e0 declinato nelle realt\u00e0 regionali, diocesane e di gruppo.<\/span><\/span><span style=\"font-size:12.0pt\"><o:p><\/o:p><\/span><\/p>\n<p class=\"MsoNormal\" style=\"text-align:justify\"><span style=\"font-size: medium;\"><span style=\"font-family: 'Times New Roman';\">L\u2019appuntamento \u00e8 inoltre programmato nell\u2019ambito della visita pastorale a Militello, di mons. Calogero Peri, Vescovo di Caltagirone.<\/span><\/span><span style=\"font-size:12.0pt\"><o:p><\/o:p><\/span><\/p>\n<p class=\"MsoNormal\" style=\"text-align:justify\"><span style=\"font-size: medium;\"><span style=\"font-family: 'Times New Roman';\">\u201cCon questo momento &#8211; afferma don Fabio <b>Randello<\/b>, assistente diocesano RnS &#8211; vogliamo presentare alle comunit\u00e0 parrocchiali la vivace realt\u00e0 del movimento, rilanciando, in particolare durante la visita pastorale, lo stile di comunione e l\u2019impegno di evangelizzazione secondo la vita nello Spirito Santo che il RnS testimonia nella Chiesa e nel mondo\u201d.<\/span><\/span><span style=\"font-size:12.0pt\"><o:p><\/o:p><\/span><\/p>\n<p class=\"MsoNormal\" style=\"text-align:justify\"><span style=\"font-size: medium;\"><span style=\"font-family: 'Times New Roman';\">Il calendario della giornata prevede, dopo l\u2019accoglienza dei partecipanti e la preghiera di lode, alle ore 10 \u00e8 previsto il saluto di mons. Peri, e alle 10.30 <span class=\"CharacterStyle1\">la catechesi tenuta da Sebastiano Fascetta, gi\u00e0 coordi<\/span><strong><span style=\"font-weight: normal;\">natore Regione Sicilia<\/span><\/strong><span class=\"CharacterStyle1\"> del RnS, sul tema del Convegno. A mezzogiorno don Randello presieder\u00e0 la Liturgia eucaristica.<\/span><\/span><\/span><span class=\"CharacterStyle1\"><span style=\"font-size:12.0pt\"><o:p><\/o:p><\/span><\/span><\/p>\n<p class=\"Style1\" style=\"text-align:justify;mso-layout-grid-align:auto\"><span style=\"font-size: medium;\"><span style=\"font-family: 'Times New Roman';\"><span class=\"CharacterStyle1\">I lavori riprenderanno alle ore 14.30 con le condivisioni e a seguire, alle ore 16, \u00e8 prevista la preghiera di guarigione e liberazione durante il Roveto ardente. <\/span><\/span><\/span><span class=\"CharacterStyle1\"><span style=\"font-size:12.0pt\"><o:p><\/o:p><\/span><\/span><\/p>\n<div><span style=\"font-size: medium;\"><span style=\"font-family: 'Times New Roman';\">  <span style=\"text-align: justify;\">La conclusione dei lavori \u00e8 indicata per le ore 17. [01]<\/span><\/span><\/span>\u00a0<\/div>\n","protected":false},"excerpt":{"rendered":"","protected":false},"author":1,"featured_media":0,"comment_status":"open","ping_status":"open","sticky":false,"template":"","format":"standard","meta":[],"categories":[30],"tags":[],"news-destination":[],"news-source":[],"is_homepage":[],"ta_other":[],"_links":{"self":[{"href":"https:\/\/www.chiesedisicilia.org\/chiesedisicilia\/news\/wp-json\/wp\/v2\/posts\/1541"}],"collection":[{"href":"https:\/\/www.chiesedisicilia.org\/chiesedisicilia\/news\/wp-json\/wp\/v2\/posts"}],"about":[{"href":"https:\/\/www.chiesedisicilia.org\/chiesedisicilia\/news\/wp-json\/wp\/v2\/types\/post"}],"author":[{"embeddable":true,"href":"https:\/\/www.chiesedisicilia.org\/chiesedisicilia\/news\/wp-json\/wp\/v2\/users\/1"}],"replies":[{"embeddable":true,"href":"https:\/\/www.chiesedisicilia.org\/chiesedisicilia\/news\/wp-json\/wp\/v2\/comments?post=1541"}],"version-history":[{"count":1,"href":"https:\/\/www.chiesedisicilia.org\/chiesedisicilia\/news\/wp-json\/wp\/v2\/posts\/1541\/revisions"}],"predecessor-version":[{"id":20025,"href":"https:\/\/www.chiesedisicilia.org\/chiesedisicilia\/news\/wp-json\/wp\/v2\/posts\/1541\/revisions\/20025"}],"wp:attachment":[{"href":"https:\/\/www.chiesedisicilia.org\/chiesedisicilia\/news\/wp-json\/wp\/v2\/media?parent=1541"}],"wp:term":[{"taxonomy":"category","embeddable":true,"href":"https:\/\/www.chiesedisicilia.org\/chiesedisicilia\/news\/wp-json\/wp\/v2\/categories?post=1541"},{"taxonomy":"post_tag","embeddable":true,"href":"https:\/\/www.chiesedisicilia.org\/chiesedisicilia\/news\/wp-json\/wp\/v2\/tags?post=1541"},{"taxonomy":"news-destination","embeddable":true,"href":"https:\/\/www.chiesedisicilia.org\/chiesedisicilia\/news\/wp-json\/wp\/v2\/news-destination?post=1541"},{"taxonomy":"news-source","embeddable":true,"href":"https:\/\/www.chiesedisicilia.org\/chiesedisicilia\/news\/wp-json\/wp\/v2\/news-source?post=1541"},{"taxonomy":"is_homepage","embeddable":true,"href":"https:\/\/www.chiesedisicilia.org\/chiesedisicilia\/news\/wp-json\/wp\/v2\/is_homepage?post=1541"},{"taxonomy":"ta_other","embeddable":true,"href":"https:\/\/www.chiesedisicilia.org\/chiesedisicilia\/news\/wp-json\/wp\/v2\/ta_other?post=1541"}],"curies":[{"name":"wp","href":"https:\/\/api.w.org\/{rel}","templated":true}]}}