{"id":1532,"date":"2013-10-18T09:58:00","date_gmt":"2013-10-18T07:58:00","guid":{"rendered":"http:\/\/wptestsite.tecnavia.com\/chiesedisicilia_clientsite\/news\/2013\/10\/18\/caltagirone-caritas-diocesana-da-40-anni-a-servizio-dei-piu-deboli\/"},"modified":"2018-11-09T11:00:35","modified_gmt":"2018-01-13T11:00:35","slug":"caltagirone-caritas-diocesana-da-40-anni-a-servizio-dei-piu-deboli","status":"publish","type":"post","link":"https:\/\/www.chiesedisicilia.org\/2013\/10\/18\/caltagirone-caritas-diocesana-da-40-anni-a-servizio-dei-piu-deboli\/","title":{"rendered":"CALTAGIRONE. CARITAS DIOCESANA: DA  40 ANNI A SERVIZIO DEI PI\u00d9 DEBOLI"},"content":{"rendered":"<p class=\"MsoNormal\" style=\"text-align:justify\"><span style=\"font-size: medium;\"><span style=\"font-family: 'Times New Roman';\">La Caritas diocesana compie quarant\u2019anni. Fu istituita con atto del Vescovo mons. Carmelo Canzonieri il 18 ottobre 1973. Per festeggiare \u201cin spirito di autentica sobriet\u00e0\u201d venerd\u00ec 18 ottobre, alle ore 18.30, al Seminario estivo, \u00e8 in programma la Celebrazione eucaristica, alla quale seguir\u00e0, alle 19.30, la presentazione del nuovo sito internet <\/span><\/span><span style=\"font-size:12.0pt\"><a href=\"http:\/\/www.caritascaltagirone.it\/\"><span style=\"font-size: medium;\"><span style=\"font-family: 'Times New Roman';\">www.caritascaltagirone.it<\/span><\/span><\/a><span style=\"font-size: medium;\"><span style=\"font-family: 'Times New Roman';\">. A chiudere la serata un momento di fraternit\u00e0.<\/span><\/span><o:p><\/o:p><\/span><\/p>\n<p class=\"MsoNormal\" style=\"text-align:justify\"><span style=\"font-size: medium;\"><span style=\"font-family: 'Times New Roman';\">\u201cIn questi quarant\u2019anni la Caritas ha cambiato volto, fisionomia, metodologia, e questo a livello nazionale- &#8211; afferma mons. Calogero Peri, Vescovo di Caltagirone \u2013 ed \u00e8 stata apprezzata come sinonimo di garanzia, di attenzione, di umanit\u00e0, di testimonianza concreta dei valori cristiani, di sensibilit\u00e0\u2026 \u00c8 un paradigma non solo ecclesiale, ma anche sociale\u201d.<\/span><\/span><span style=\"font-size:12.0pt\"><o:p><\/o:p><\/span><\/p>\n<p class=\"MsoNormal\" style=\"text-align:justify\"><span style=\"font-size: medium;\"><span style=\"font-family: 'Times New Roman';\">La Caritas diocesana \u00e8 presente sul territorio con la rete dei Centri d\u2019ascolto e collabora con enti, istituzionali locali e con associazioni di volontariato valorizzando sempre progetti di inclusivit\u00e0, proponendosi come interlocutore affidabile. \u201cViviamo oggi nuove sfide &#8211; aggiunge il Vescovo -, non solo nel nostro contesto diocesano, ma anche nazionale e internazionale. Mi riferisco alle nuove povert\u00e0, alla disoccupazione, agli aiuti umanitari, all\u2019accoglienza per le miglia di profughi che approdano sulle nostre coste. Penso davvero che la Caritas, con il lavoro benemerito avuto in questi anni, si affacci al futuro con ampie prospettive\u201d.<\/span><\/span><span style=\"font-size:12.0pt\"><o:p><\/o:p><\/span><\/p>\n<p class=\"MsoNormal\" style=\"text-align:justify\"><span style=\"font-size: medium;\"><span style=\"font-family: 'Times New Roman';\">In questi giorni la Caritas diocesana, in collaborazione con operatori e mediatori culturali qualificati, e la presenza di numerosi volontari, sta onorando gli impegni assunti a Lampedusa, in occasione dell\u2019incontro dei direttori delle Caritas siciliane, che si \u00e8 svolto il 7 e l\u20198 ottobre scorsi, accogliendo, in emergenza, con cura, amore e dedizione, alcuni minori eritrei che a sorpresa le sono stati affidati. \u00a3Ci auguriamo che questo evento non sia semplicemente il ricordo o la celebrazione di questi quarant\u2019anni &#8211; afferma don Luciano Di Silvestro, direttore della Caritas calatina -, ma serva a riflettere tutti insieme sul cammino che la comunit\u00e0 diocesana ha compiuto nell\u2019amore. Incontreremo esperienze positive per le quali gioiremo, ma ci renderemo conto anche dei nostri limiti, in modo che da qui si possa ripartire per rendere la Caritas sempre pi\u00f9 capillare sul territorio ed offrire un servizio di prossimit\u00e0, non come mero ente di distribuzione di beni, ma come una presenza che promuove il bene e l\u2019amore\u201d. [01]<\/span><\/span><span style=\"font-size:12.0pt\"><o:p><\/o:p><\/span><\/p>\n","protected":false},"excerpt":{"rendered":"","protected":false},"author":1,"featured_media":0,"comment_status":"open","ping_status":"open","sticky":false,"template":"","format":"standard","meta":[],"categories":[30],"tags":[],"news-destination":[],"news-source":[],"is_homepage":[],"ta_other":[],"_links":{"self":[{"href":"https:\/\/www.chiesedisicilia.org\/chiesedisicilia\/news\/wp-json\/wp\/v2\/posts\/1532"}],"collection":[{"href":"https:\/\/www.chiesedisicilia.org\/chiesedisicilia\/news\/wp-json\/wp\/v2\/posts"}],"about":[{"href":"https:\/\/www.chiesedisicilia.org\/chiesedisicilia\/news\/wp-json\/wp\/v2\/types\/post"}],"author":[{"embeddable":true,"href":"https:\/\/www.chiesedisicilia.org\/chiesedisicilia\/news\/wp-json\/wp\/v2\/users\/1"}],"replies":[{"embeddable":true,"href":"https:\/\/www.chiesedisicilia.org\/chiesedisicilia\/news\/wp-json\/wp\/v2\/comments?post=1532"}],"version-history":[{"count":1,"href":"https:\/\/www.chiesedisicilia.org\/chiesedisicilia\/news\/wp-json\/wp\/v2\/posts\/1532\/revisions"}],"predecessor-version":[{"id":20016,"href":"https:\/\/www.chiesedisicilia.org\/chiesedisicilia\/news\/wp-json\/wp\/v2\/posts\/1532\/revisions\/20016"}],"wp:attachment":[{"href":"https:\/\/www.chiesedisicilia.org\/chiesedisicilia\/news\/wp-json\/wp\/v2\/media?parent=1532"}],"wp:term":[{"taxonomy":"category","embeddable":true,"href":"https:\/\/www.chiesedisicilia.org\/chiesedisicilia\/news\/wp-json\/wp\/v2\/categories?post=1532"},{"taxonomy":"post_tag","embeddable":true,"href":"https:\/\/www.chiesedisicilia.org\/chiesedisicilia\/news\/wp-json\/wp\/v2\/tags?post=1532"},{"taxonomy":"news-destination","embeddable":true,"href":"https:\/\/www.chiesedisicilia.org\/chiesedisicilia\/news\/wp-json\/wp\/v2\/news-destination?post=1532"},{"taxonomy":"news-source","embeddable":true,"href":"https:\/\/www.chiesedisicilia.org\/chiesedisicilia\/news\/wp-json\/wp\/v2\/news-source?post=1532"},{"taxonomy":"is_homepage","embeddable":true,"href":"https:\/\/www.chiesedisicilia.org\/chiesedisicilia\/news\/wp-json\/wp\/v2\/is_homepage?post=1532"},{"taxonomy":"ta_other","embeddable":true,"href":"https:\/\/www.chiesedisicilia.org\/chiesedisicilia\/news\/wp-json\/wp\/v2\/ta_other?post=1532"}],"curies":[{"name":"wp","href":"https:\/\/api.w.org\/{rel}","templated":true}]}}