{"id":1531,"date":"2013-10-04T12:16:00","date_gmt":"2013-10-04T10:16:00","guid":{"rendered":"http:\/\/wptestsite.tecnavia.com\/chiesedisicilia_clientsite\/news\/2013\/10\/04\/caltagirone-aziona-cattolica-assemblea-per-ripartire\/"},"modified":"2018-11-09T11:00:35","modified_gmt":"2018-01-13T11:00:35","slug":"caltagirone-aziona-cattolica-assemblea-per-ripartire","status":"publish","type":"post","link":"https:\/\/www.chiesedisicilia.org\/2013\/10\/04\/caltagirone-aziona-cattolica-assemblea-per-ripartire\/","title":{"rendered":"CALTAGIRONE. AZIONA CATTOLICA: ASSEMBLEA PER RIPARTIRE"},"content":{"rendered":"<p class=\"MsoNormal\"><span style=\"font-size: medium;\"><span style=\"font-family: 'Times New Roman';\">\u00c8 convocata per domenica 6 ottobre, alle ore 9.00, presso il Seminario Estivo di Caltagirone, l\u2019assemblea diocesana dell\u2019Azione Cattolica. Si apre cos\u00ec l\u2019anno associativo dell\u2019Associazione che quest\u2019anno approfondir\u00e0 il tema \u201cQuelli che troverete, chiamateli\u201d, sull\u2019icona evangelica di Mt 22,1-14.<\/span><\/span><span style=\"font-size:12.0pt\"><o:p><\/o:p><\/span><\/p>\n<p class=\"MsoNormal\"><span style=\"font-size: medium;\"><span style=\"font-family: 'Times New Roman';\">\u201cLo slogan annuale, ripreso dal passo evangelico noto come la Parabola del banchetto nuziale &#8211; dichiara la Presidente diocesana, Margherita Marchese &#8211; trasferisce l\u2019idea dell\u2019invito come dono, ricevuto e ricambiato. Secondo il Vangelo tutti siamo invitati e chiunque arriva \u00e8 accolto. Nella sala del banchetto, quando arriveranno gli ospiti, non si riesce a distinguere chi \u00e8 santo e chi \u00e8 peccatore, chi \u00e8 puro e chi \u00e8 impuro. \u00c8 una logica nuova. Ges\u00f9 trasforma le relazioni fra gli uomini, nella societ\u00e0 e nella Chiesa, indicando un modello di umanit\u00e0 che sa condividere e che, interrogandosi sull\u2019essenziale nella vita, scopre la logica del dono come alternativa bella e possibile rispetto alle tante mode\u201d. \u201cIl brano evangelico &#8211; aggiunge don Gianni Zavattieri, Assistente diocesano unitario dell\u2019Aci &#8211; si colloca in straordinaria continuit\u00e0 con le parole usate dal Papa durante l\u2019udienza di mercoled\u00ec 2 ottobre: \u201cLa Chiesa &#8211; ha detto &#8211; che \u00e8 santa non rifiuta i peccatori perch\u00e9 ci ama tutti, \u00e8 aperta anche ai pi\u00f9 lontani\u201d. Credo che questo sia un punto molto significativo. La Chiesa \u00e8 a servizio del mondo, non in funzione di se stessa. In questo senso l\u2019invito \u00e8 a uscire da schemi ormai vecchi e a riscoprire la rigenerante identit\u00e0 di una Chiesa missionaria senza inviti ad personam\u201d.<\/span><\/span><span style=\"font-size:12.0pt\"><o:p><\/o:p><\/span><\/p>\n<p class=\"MsoNormal\"><span style=\"font-size: medium;\"><span style=\"font-family: 'Times New Roman';\">Il programma dell\u2019assemblea prevede alle ore 9.00 l\u2019accoglienza dei partecipanti. A seguire il saluto della Presidente diocesanae l\u2019introduzione ai lavori. Alle ore 9.30 don Zavattieri guider\u00e0 la riflessione sul brano evangelico del banchetto nuziale. Alle ore 10.30 don Vito Piccinonna, Assistente nazionale del Settore Giovani, svolger\u00e0 la sua relazione sul tema annuale. Alle ore 12.30 sar\u00e0 celebrata la Santa Messa. I lavori riprenderanno alle ore 15.00 con i \u201cracconti dell\u2019estate Aci 2013\u201d. Alle 17.30, dopo la presentazione delle guide associative annuali, la conclusione della giornata. [01]<\/span><\/span><span style=\"font-size:12.0pt\"><o:p><\/o:p><\/span><\/p>\n","protected":false},"excerpt":{"rendered":"","protected":false},"author":1,"featured_media":0,"comment_status":"open","ping_status":"open","sticky":false,"template":"","format":"standard","meta":[],"categories":[30],"tags":[],"news-destination":[],"news-source":[],"is_homepage":[],"ta_other":[],"_links":{"self":[{"href":"https:\/\/www.chiesedisicilia.org\/chiesedisicilia\/news\/wp-json\/wp\/v2\/posts\/1531"}],"collection":[{"href":"https:\/\/www.chiesedisicilia.org\/chiesedisicilia\/news\/wp-json\/wp\/v2\/posts"}],"about":[{"href":"https:\/\/www.chiesedisicilia.org\/chiesedisicilia\/news\/wp-json\/wp\/v2\/types\/post"}],"author":[{"embeddable":true,"href":"https:\/\/www.chiesedisicilia.org\/chiesedisicilia\/news\/wp-json\/wp\/v2\/users\/1"}],"replies":[{"embeddable":true,"href":"https:\/\/www.chiesedisicilia.org\/chiesedisicilia\/news\/wp-json\/wp\/v2\/comments?post=1531"}],"version-history":[{"count":1,"href":"https:\/\/www.chiesedisicilia.org\/chiesedisicilia\/news\/wp-json\/wp\/v2\/posts\/1531\/revisions"}],"predecessor-version":[{"id":20015,"href":"https:\/\/www.chiesedisicilia.org\/chiesedisicilia\/news\/wp-json\/wp\/v2\/posts\/1531\/revisions\/20015"}],"wp:attachment":[{"href":"https:\/\/www.chiesedisicilia.org\/chiesedisicilia\/news\/wp-json\/wp\/v2\/media?parent=1531"}],"wp:term":[{"taxonomy":"category","embeddable":true,"href":"https:\/\/www.chiesedisicilia.org\/chiesedisicilia\/news\/wp-json\/wp\/v2\/categories?post=1531"},{"taxonomy":"post_tag","embeddable":true,"href":"https:\/\/www.chiesedisicilia.org\/chiesedisicilia\/news\/wp-json\/wp\/v2\/tags?post=1531"},{"taxonomy":"news-destination","embeddable":true,"href":"https:\/\/www.chiesedisicilia.org\/chiesedisicilia\/news\/wp-json\/wp\/v2\/news-destination?post=1531"},{"taxonomy":"news-source","embeddable":true,"href":"https:\/\/www.chiesedisicilia.org\/chiesedisicilia\/news\/wp-json\/wp\/v2\/news-source?post=1531"},{"taxonomy":"is_homepage","embeddable":true,"href":"https:\/\/www.chiesedisicilia.org\/chiesedisicilia\/news\/wp-json\/wp\/v2\/is_homepage?post=1531"},{"taxonomy":"ta_other","embeddable":true,"href":"https:\/\/www.chiesedisicilia.org\/chiesedisicilia\/news\/wp-json\/wp\/v2\/ta_other?post=1531"}],"curies":[{"name":"wp","href":"https:\/\/api.w.org\/{rel}","templated":true}]}}