{"id":1530,"date":"2013-10-03T18:00:00","date_gmt":"2013-10-03T16:00:00","guid":{"rendered":"http:\/\/wptestsite.tecnavia.com\/chiesedisicilia_clientsite\/news\/2013\/10\/03\/caltagirone-caritas-e-disagio-sociale-il-centro-talita-cum\/"},"modified":"2018-11-09T11:00:35","modified_gmt":"2018-01-13T11:00:35","slug":"caltagirone-caritas-e-disagio-sociale-il-centro-talita-cum","status":"publish","type":"post","link":"https:\/\/www.chiesedisicilia.org\/2013\/10\/03\/caltagirone-caritas-e-disagio-sociale-il-centro-talita-cum\/","title":{"rendered":"CALTAGIRONE. CARITAS E DISAGIO SOCIALE: IL CENTRO \u201cTALIT\u00c0 CUM\u201d"},"content":{"rendered":"<p class=\"MsoNormal\"><span style=\"font-size: medium;\"><span style=\"font-family: 'Times New Roman';\">\u201cTalit\u00e0 kum\u201d \u00e8 un progetto della Caritas diocesana, che sar\u00e0 presentato venerd\u00ec \u00a04 ottobre, alle ore 18.30, al Seminario estivo e che punta a potenziare le attivit\u00e0 e la presenza sul territorio di Centri d\u2019ascolto della Caritas. \u201cVogliamo offrire una prospettiva di cambiamento &#8211; spiega don Luciano Di Silvestro, direttore della Caritas diocesana &#8211; a chi \u00e8 portatore di un disagio sociale o a rischio di poterlo essere. Attraverso un dialogo educativo puntiamo ad attivare un processo di miglioramento per la persona e uno stile di vita salutare. La Diocesi e la Caritas, in particolare nel corso degli ultimi anni, hanno cercato sempre pi\u00f9 di configurarsi come istituzioni aperte al territorio che intendono, in sintonia con la metodologia del lavoro sociale di rete, accogliere una domanda di aiuto spesso generica, per paura o pregiudizio, da leggere ed interpretare al fine di predisporre la risposta opportuna\u201d. \u201cI Centri d\u2019ascolto della Caritas &#8211; afferma Luigi Bizzini, coordinatore del progetto &#8211; fanno dell\u2019ascolto il modo proprio di servizio. Il \u201cfare\u201d prevalente \u00e8 l\u2019ascolto, cuore della relazione di aiuto, dove chi ascolta e chi \u00e8 ascoltato vengono coinvolti, con ruoli diversi, in un progetto che, ricercando le soluzioni pi\u00f9 adeguate, punta a un processo di liberazione della persona dal bisogno\u201d.<\/span><\/span><span style=\"font-size:12.0pt\"><o:p><\/o:p><\/span><\/p>\n<p class=\"MsoNormal\"><span style=\"font-size: medium;\"><span style=\"font-family: 'Times New Roman';\">\u201cI dati in possesso della Caritas \u2013 si legge in una nota stampa della Caritas &#8211; restituiscono un quadro sociale allarmante nel territorio, contrassegnato dall\u2019incremento costante degli indici di disagio sociale e psicosociale. Aumentano il numero di persone, famiglie e singoli (locali e immigrate), che vivono sotto la soglia di povert\u00e0, cos\u00ec come i disoccupati e i sottoccupati. A fronte di ci\u00f2 si osserva sia l\u2019insufficienza di servizi e aiuti per le famiglie e adulti in difficolt\u00e0 economiche e sociali; sia una pericoloso fenomeno d\u2019indifferenza, da parte delle comunit\u00e0 locali, nei confronti delle povert\u00e0\u201d. <\/span><\/span><span style=\"font-size:12.0pt\"><o:p><\/o:p><\/span><\/p>\n<p class=\"MsoNormal\"><span style=\"font-size: medium;\"><span style=\"font-family: 'Times New Roman';\">Con il progetto \u201cTalit\u00e0 kum\u201d lo staff della Caritas diocesana intende realizzare percorsi individuali e comunitari di promozione umana e di prevenzione di ulteriore disadattamento ed emarginazione, assegnando ai Centri d\u2019ascolto il compito di prendere in carico la persona, analizzare e schematizzare le sue esigenze, seguirla, accompagnarla e fungere da intermediario con le strutture che rispondono ai vari bisogni dell\u2019utente. Nell\u2019ambito delle attivit\u00e0 progettuali sono previsti ulteriori appuntamenti. In scaletta: un incontro formativo con gli animatori\/operatori Caritas parrocchiali, organizzati per vicariato o gruppi di Comuni, sui contenuti della funzione pedagogica della Caritas e sull\u2019aspetto tecnico degli strumenti operativi; un incontro formativo su contenuti della legislazione sociale e sulla funzione antropologica e della relazione d\u2019aiuto; un incontro formativo presso il contesto specifico (Parrocchia, vicariato, Comune\/i). [01]<\/span><\/span><span style=\"font-size:12.0pt\"><o:p><\/o:p><\/span><\/p>\n","protected":false},"excerpt":{"rendered":"","protected":false},"author":1,"featured_media":0,"comment_status":"open","ping_status":"open","sticky":false,"template":"","format":"standard","meta":[],"categories":[30],"tags":[],"news-destination":[],"news-source":[],"is_homepage":[],"ta_other":[],"_links":{"self":[{"href":"https:\/\/www.chiesedisicilia.org\/chiesedisicilia\/news\/wp-json\/wp\/v2\/posts\/1530"}],"collection":[{"href":"https:\/\/www.chiesedisicilia.org\/chiesedisicilia\/news\/wp-json\/wp\/v2\/posts"}],"about":[{"href":"https:\/\/www.chiesedisicilia.org\/chiesedisicilia\/news\/wp-json\/wp\/v2\/types\/post"}],"author":[{"embeddable":true,"href":"https:\/\/www.chiesedisicilia.org\/chiesedisicilia\/news\/wp-json\/wp\/v2\/users\/1"}],"replies":[{"embeddable":true,"href":"https:\/\/www.chiesedisicilia.org\/chiesedisicilia\/news\/wp-json\/wp\/v2\/comments?post=1530"}],"version-history":[{"count":1,"href":"https:\/\/www.chiesedisicilia.org\/chiesedisicilia\/news\/wp-json\/wp\/v2\/posts\/1530\/revisions"}],"predecessor-version":[{"id":20012,"href":"https:\/\/www.chiesedisicilia.org\/chiesedisicilia\/news\/wp-json\/wp\/v2\/posts\/1530\/revisions\/20012"}],"wp:attachment":[{"href":"https:\/\/www.chiesedisicilia.org\/chiesedisicilia\/news\/wp-json\/wp\/v2\/media?parent=1530"}],"wp:term":[{"taxonomy":"category","embeddable":true,"href":"https:\/\/www.chiesedisicilia.org\/chiesedisicilia\/news\/wp-json\/wp\/v2\/categories?post=1530"},{"taxonomy":"post_tag","embeddable":true,"href":"https:\/\/www.chiesedisicilia.org\/chiesedisicilia\/news\/wp-json\/wp\/v2\/tags?post=1530"},{"taxonomy":"news-destination","embeddable":true,"href":"https:\/\/www.chiesedisicilia.org\/chiesedisicilia\/news\/wp-json\/wp\/v2\/news-destination?post=1530"},{"taxonomy":"news-source","embeddable":true,"href":"https:\/\/www.chiesedisicilia.org\/chiesedisicilia\/news\/wp-json\/wp\/v2\/news-source?post=1530"},{"taxonomy":"is_homepage","embeddable":true,"href":"https:\/\/www.chiesedisicilia.org\/chiesedisicilia\/news\/wp-json\/wp\/v2\/is_homepage?post=1530"},{"taxonomy":"ta_other","embeddable":true,"href":"https:\/\/www.chiesedisicilia.org\/chiesedisicilia\/news\/wp-json\/wp\/v2\/ta_other?post=1530"}],"curies":[{"name":"wp","href":"https:\/\/api.w.org\/{rel}","templated":true}]}}