{"id":1526,"date":"2013-06-28T17:43:00","date_gmt":"2013-06-28T15:43:00","guid":{"rendered":"http:\/\/wptestsite.tecnavia.com\/chiesedisicilia_clientsite\/news\/2013\/06\/28\/caltagirone-papa-francesco-benedice-la-tela-di-maria-ss-ma-del-ponte\/"},"modified":"2018-11-09T11:00:34","modified_gmt":"2018-01-13T11:00:34","slug":"caltagirone-papa-francesco-benedice-la-tela-di-maria-ss-ma-del-ponte","status":"publish","type":"post","link":"https:\/\/www.chiesedisicilia.org\/2013\/06\/28\/caltagirone-papa-francesco-benedice-la-tela-di-maria-ss-ma-del-ponte\/","title":{"rendered":"CALTAGIRONE. PAPA FRANCESCO BENEDICE LA TELA DI MARIA SS.MA DEL PONTE"},"content":{"rendered":"<div><span style=\"font-family: 'Times New Roman';\">\u00a0<span style=\"font-size: 12pt;\">Papa Francesco durante l\u2019Udienza generale<\/span><span style=\"font-size: 12pt;\"> di oggi, mercoled\u00ec 26 Giugno, <\/span><span style=\"font-size: 12pt;\">in Piazza San Pietro, ha benedetto l\u2019icona di Maria SS.ma del Ponte venerata a Caltagirone presso il Santuario mariano diocesano. L\u2019immagine \u00e8 stata recentemente restaurata a Roma nei laboratori di Rocco Greco.<\/span><\/span><\/div>\n<p class=\"MsoNormal\"><span style=\"font-family: 'Times New Roman';\"><span style=\"font-size: 12pt;\" times=\"\" new=\"\">Per l\u2019occasione la Diocesi di Caltagirone e la comunit\u00e0 del Santuario mariano, hanno organizzato e promosso un pellegrinaggio diocesano, guidato dal vescovo, mons. Calogero Peri.<\/span><\/span><span style=\"font-size:12.0pt;font-family:\" times=\"\" new=\"\"><o:p><\/o:p><\/span><\/p>\n<p class=\"MsoNormal\"><span style=\"font-family: 'Times New Roman';\"><span style=\"font-size: 12pt;\" times=\"\" new=\"\">Oltre 500 i pellegrini della Diocesi presenti in Piazza San Pietro, accompagnati da 20 presbiteri.<\/span><\/span><span style=\"font-size:12.0pt;font-family:\" times=\"\" new=\"\"><o:p><\/o:p><\/span><\/p>\n<p class=\"MsoNormal\"><span style=\"font-family: 'Times New Roman';\"><span style=\"font-size: 12pt;\" times=\"\" new=\"\">\u201cCon animo grato al Signore per questo ulteriore dono alla nostra Chiesa calatina viviamo questo momento di gioia. Maria SS.ma del Ponte rappresenta per i calatini la Madre dei poveri, la Madonna delle periferie dell\u2019esistenza &#8211; afferma mons. Peri -. Apparsa nel 1572 in un povero quartiere di Caltagirone, la Madre di Dio ci ha detto che laddove fuggono gli uomini resta sempre Dio portando un annuncio di amore e di liberazione. Nell\u2019Anno della Fede che stiamo vivendo, coglieremo, inoltre, questo appuntamento per celebrare anche il nostro pellegrinaggio come Chiesa calatina alla Tomba di San Pietro, dove rinnoviamo la nostra professione di fede sotto la guida sicura della Vergine Maria\u201d.<\/span><\/span><span style=\"font-size:12.0pt;font-family:\" times=\"\" new=\"\"><o:p><\/o:p><\/span><\/p>\n<p class=\"MsoNormal\"><span style=\"font-family: 'Times New Roman';\"><span style=\"font-size: 12pt;\" times=\"\" new=\"\">La tradizione locale racconta che il 15 agosto 1572 la Vergine col Bambino sia apparsa nel povero rione del Ponte, nello specchio d\u2019acqua di una fonte, appena fuori le mura della citt\u00e0. Secondo la stessa tradizione potevano vedere la Vergine solo coloro che erano in grazia di Dio o vi tornavano confessandosi. Un pittore ne fiss\u00f2 i tratti per la venerazione del popolo. Ora la tela custodita nel Santuario e benedetta da Papa Francesco, far\u00e0 ritorno il prossimo 1 luglio al Santuario mariano diocesano di Maria SS.ma del Ponte, dove sar\u00e0 conservata. [01]<\/span><\/span><span style=\"font-size:12.0pt;font-family:\" times=\"\" new=\"\"><o:p><\/o:p><\/span><\/p>\n","protected":false},"excerpt":{"rendered":"","protected":false},"author":1,"featured_media":0,"comment_status":"open","ping_status":"open","sticky":false,"template":"","format":"standard","meta":[],"categories":[30],"tags":[],"news-destination":[],"news-source":[],"is_homepage":[],"ta_other":[],"_links":{"self":[{"href":"https:\/\/www.chiesedisicilia.org\/chiesedisicilia\/news\/wp-json\/wp\/v2\/posts\/1526"}],"collection":[{"href":"https:\/\/www.chiesedisicilia.org\/chiesedisicilia\/news\/wp-json\/wp\/v2\/posts"}],"about":[{"href":"https:\/\/www.chiesedisicilia.org\/chiesedisicilia\/news\/wp-json\/wp\/v2\/types\/post"}],"author":[{"embeddable":true,"href":"https:\/\/www.chiesedisicilia.org\/chiesedisicilia\/news\/wp-json\/wp\/v2\/users\/1"}],"replies":[{"embeddable":true,"href":"https:\/\/www.chiesedisicilia.org\/chiesedisicilia\/news\/wp-json\/wp\/v2\/comments?post=1526"}],"version-history":[{"count":1,"href":"https:\/\/www.chiesedisicilia.org\/chiesedisicilia\/news\/wp-json\/wp\/v2\/posts\/1526\/revisions"}],"predecessor-version":[{"id":20008,"href":"https:\/\/www.chiesedisicilia.org\/chiesedisicilia\/news\/wp-json\/wp\/v2\/posts\/1526\/revisions\/20008"}],"wp:attachment":[{"href":"https:\/\/www.chiesedisicilia.org\/chiesedisicilia\/news\/wp-json\/wp\/v2\/media?parent=1526"}],"wp:term":[{"taxonomy":"category","embeddable":true,"href":"https:\/\/www.chiesedisicilia.org\/chiesedisicilia\/news\/wp-json\/wp\/v2\/categories?post=1526"},{"taxonomy":"post_tag","embeddable":true,"href":"https:\/\/www.chiesedisicilia.org\/chiesedisicilia\/news\/wp-json\/wp\/v2\/tags?post=1526"},{"taxonomy":"news-destination","embeddable":true,"href":"https:\/\/www.chiesedisicilia.org\/chiesedisicilia\/news\/wp-json\/wp\/v2\/news-destination?post=1526"},{"taxonomy":"news-source","embeddable":true,"href":"https:\/\/www.chiesedisicilia.org\/chiesedisicilia\/news\/wp-json\/wp\/v2\/news-source?post=1526"},{"taxonomy":"is_homepage","embeddable":true,"href":"https:\/\/www.chiesedisicilia.org\/chiesedisicilia\/news\/wp-json\/wp\/v2\/is_homepage?post=1526"},{"taxonomy":"ta_other","embeddable":true,"href":"https:\/\/www.chiesedisicilia.org\/chiesedisicilia\/news\/wp-json\/wp\/v2\/ta_other?post=1526"}],"curies":[{"name":"wp","href":"https:\/\/api.w.org\/{rel}","templated":true}]}}