{"id":1524,"date":"2013-06-08T12:33:00","date_gmt":"2013-06-08T10:33:00","guid":{"rendered":"http:\/\/wptestsite.tecnavia.com\/chiesedisicilia_clientsite\/news\/2013\/06\/08\/caltagirone-raduno-diocesano-dei-ministranti\/"},"modified":"2018-11-09T11:00:34","modified_gmt":"2018-01-13T11:00:34","slug":"caltagirone-raduno-diocesano-dei-ministranti","status":"publish","type":"post","link":"https:\/\/www.chiesedisicilia.org\/2013\/06\/08\/caltagirone-raduno-diocesano-dei-ministranti\/","title":{"rendered":"CALTAGIRONE. RADUNO DIOCESANO DEI MINISTRANTI"},"content":{"rendered":"<p class=\"MsoNormal\"><span style=\"font-family: 'Times New Roman';\"><span style=\"font-size: 12pt;\">Si svolge <\/span><span style=\"font-size: 12pt;\">oggi, <\/span><span style=\"font-size: 12pt;\">sabato 8 <\/span><span style=\"font-size: 12pt;\">G<\/span><span style=\"font-size: 12pt;\">iugno, al Seminario estivo<\/span><span style=\"font-size: 12pt;\"> di Caltagirone<\/span><span style=\"font-size: 12pt;\">, il Raduno diocesano dei ministranti.<\/span><span style=\"font-size: 12pt;\"> <\/span><span style=\"font-size: 12pt;\">L\u2019evento \u00e8 promosso dalla comunit\u00e0 del Seminario vescovile e dal <\/span><span style=\"font-size: 12pt;\">Cdv, il <\/span><span style=\"font-size: 12pt;\">C<\/span><span style=\"font-size: 12pt;\">entro diocesano vocazioni. \u201c<\/span><span style=\"font-size: 12pt;\">\u00c8 un momento di gioia e di festa per i tanti ministranti che svolgono il loro servizio nelle nostre Parrocchie &#8211; spiega don Francesco Di Stefano, direttore del Cdv -, ma \u00e8 anche un momento dedicato alla riflessione sul servizio all\u2019altare, un servizio gratuito reso a Ges\u00f9 e alla comunit\u00e0. Credo che oggi includere nel linguaggio delle giovani generazioni, termini come servizio e gratuit\u00e0, possa contribuire alla crescita e alla promozione di una cultura pi\u00f9 attenta al dono e alla disponibilit\u00e0<\/span><span style=\"font-size: 12pt;\">\u201d<\/span><span style=\"font-size: 12pt;\">.<\/span><span style=\"font-size: 12pt;\">\u00a0&#8220;<\/span><span style=\"font-size: 12pt;\">Terminato l\u2019anno scolastico <span class=\"style1231\">&#8211; aggiunge don Giovanni Dimartino, vicerettore del Seminario e vicedirettore del Cdv &#8211; <\/span>le porte del Seminario si aprono<span class=\"style1231\"> <\/span>per accogliere i ministranti provenienti da tutta la Diocesi. L\u2019evento costituisce un\u2019occasione preziosa per un arricchimento vicendevole, per conoscere le altre realt\u00e0 parrocchiali, per riflettere sulle vocazioni e per stringere nuove amicizie<\/span><span style=\"font-size: 12pt;\">\u201d<\/span><span class=\"style1231\"><span style=\"font-size: 12pt;\">.<\/span><\/span><span class=\"style1231\"><span style=\"font-size: 12pt; color: windowtext;\"> L\u2019appuntamento si apre alle <\/span><\/span><span style=\"font-size: 12pt;\">ore 16<\/span><span style=\"font-size: 12pt;\">, con<\/span><span style=\"font-size: 12pt;\"> l\u2019accoglienza<\/span><span style=\"font-size: 12pt;\"> e la Celebrazione eucaristica. Alle ore 17.30 tempo e spazio per il gioco. La conclusione del raduno \u00e8 prevista alle <\/span><span style=\"font-size: 12pt;\">19.<\/span><span style=\"font-size: 12pt;\"> <\/span><span style=\"font-size: 12pt;\">Con questo incontro, l\u2019ultimo dei tre programmati, si chiude il calendario delle attivit\u00e0 dedicate ai ministranti. <\/span><\/span><span style=\"font-size:12.0pt;\nfont-family:\"Times New Roman\",\"serif\";mso-fareast-font-family:Calibri\"><o:p><\/o:p><\/span><\/p>\n<p class=\"MsoNormal\"><span style=\"font-family: 'Times New Roman';\"><span style=\"font-size: 12pt;\">Ciascun momento ha visto la partecipazione attiva di tutta le comunit\u00e0 parrocchiali della Diocesi con la partecipazione di 200 bambini circa per ogni incontro.<\/span><span style=\"font-size: 12pt;\"> [01]<\/span><\/span><span style=\"font-size:12.0pt;\nfont-family:\"Times New Roman\",\"serif\";mso-fareast-font-family:Calibri\"><o:p><\/o:p><\/span><\/p>\n","protected":false},"excerpt":{"rendered":"","protected":false},"author":1,"featured_media":0,"comment_status":"open","ping_status":"open","sticky":false,"template":"","format":"standard","meta":[],"categories":[30],"tags":[],"news-destination":[],"news-source":[],"is_homepage":[],"ta_other":[],"_links":{"self":[{"href":"https:\/\/www.chiesedisicilia.org\/chiesedisicilia\/news\/wp-json\/wp\/v2\/posts\/1524"}],"collection":[{"href":"https:\/\/www.chiesedisicilia.org\/chiesedisicilia\/news\/wp-json\/wp\/v2\/posts"}],"about":[{"href":"https:\/\/www.chiesedisicilia.org\/chiesedisicilia\/news\/wp-json\/wp\/v2\/types\/post"}],"author":[{"embeddable":true,"href":"https:\/\/www.chiesedisicilia.org\/chiesedisicilia\/news\/wp-json\/wp\/v2\/users\/1"}],"replies":[{"embeddable":true,"href":"https:\/\/www.chiesedisicilia.org\/chiesedisicilia\/news\/wp-json\/wp\/v2\/comments?post=1524"}],"version-history":[{"count":1,"href":"https:\/\/www.chiesedisicilia.org\/chiesedisicilia\/news\/wp-json\/wp\/v2\/posts\/1524\/revisions"}],"predecessor-version":[{"id":20006,"href":"https:\/\/www.chiesedisicilia.org\/chiesedisicilia\/news\/wp-json\/wp\/v2\/posts\/1524\/revisions\/20006"}],"wp:attachment":[{"href":"https:\/\/www.chiesedisicilia.org\/chiesedisicilia\/news\/wp-json\/wp\/v2\/media?parent=1524"}],"wp:term":[{"taxonomy":"category","embeddable":true,"href":"https:\/\/www.chiesedisicilia.org\/chiesedisicilia\/news\/wp-json\/wp\/v2\/categories?post=1524"},{"taxonomy":"post_tag","embeddable":true,"href":"https:\/\/www.chiesedisicilia.org\/chiesedisicilia\/news\/wp-json\/wp\/v2\/tags?post=1524"},{"taxonomy":"news-destination","embeddable":true,"href":"https:\/\/www.chiesedisicilia.org\/chiesedisicilia\/news\/wp-json\/wp\/v2\/news-destination?post=1524"},{"taxonomy":"news-source","embeddable":true,"href":"https:\/\/www.chiesedisicilia.org\/chiesedisicilia\/news\/wp-json\/wp\/v2\/news-source?post=1524"},{"taxonomy":"is_homepage","embeddable":true,"href":"https:\/\/www.chiesedisicilia.org\/chiesedisicilia\/news\/wp-json\/wp\/v2\/is_homepage?post=1524"},{"taxonomy":"ta_other","embeddable":true,"href":"https:\/\/www.chiesedisicilia.org\/chiesedisicilia\/news\/wp-json\/wp\/v2\/ta_other?post=1524"}],"curies":[{"name":"wp","href":"https:\/\/api.w.org\/{rel}","templated":true}]}}