{"id":1523,"date":"2013-06-08T12:28:00","date_gmt":"2013-06-08T10:28:00","guid":{"rendered":"http:\/\/wptestsite.tecnavia.com\/chiesedisicilia_clientsite\/news\/2013\/06\/08\/caltagirone-clikkmore-lamore-ai-tempi-di-internet\/"},"modified":"2018-11-09T11:00:34","modified_gmt":"2018-01-13T11:00:34","slug":"caltagirone-clikkmore-lamore-ai-tempi-di-internet","status":"publish","type":"post","link":"https:\/\/www.chiesedisicilia.org\/2013\/06\/08\/caltagirone-clikkmore-lamore-ai-tempi-di-internet\/","title":{"rendered":"CALTAGIRONE. \u201cCLIKK@MORE\u201d: L\u2019AMORE AI TEMPI DI INTERNET"},"content":{"rendered":"<p class=\"MsoNormal\"><span style=\"font-family: 'Times New Roman';\"><span style=\"font-size: 12pt;\">Oggi, domenica 9 Giugno, le comunit\u00e0 parrocchiali di Militello ospitano la Festa diocesana della famiglia: un momento di gioia e di comunione, ma anche un\u2019occasione per riflettere sulla vita affettiva nell\u2019era digitale. Presentando la manifestazione che ha per titolo\u00a0<\/span><span style=\"font-size: 12pt;\">\u201cClikk@more\u201d, il Vescovo di Caltagirone mons. Calogero Peri ricorda che \u201cil tema di quest\u2019anno affronta uno fra gli argomenti pi\u00f9 scottanti per la vita affettiva oggi: la Chiesa non pu\u00f2 disinteressarsi dei fenomeni emergenti ed \u00e8 per questa ragione che vogliamo riflettere insieme. Ci auguriamo &#8211; conclude il vescovo &#8211; che questa festa sia vissuta e partecipata dalle famiglie della nostra Diocesi. Sono momenti nei quali la famiglia che spesso \u00e8 chiamata a vivere delle sfide, possa sentirsi accolta e sostenuta dall\u2019affetto, dalla preghiera e dalla solidariet\u00e0 di altre famiglie e della Chiesa, famiglia di famiglie\u201d.<\/span><\/span><span style=\"font-size:12.0pt;font-family:\"Times New Roman\",\"serif\";mso-fareast-font-family:\n\"Times New Roman\"\"><o:p><\/o:p><\/span><\/p>\n<p class=\"MsoNormal\"><span style=\"font-family: 'Times New Roman';\"><span style=\"font-size: 12pt;\">L\u2019evento \u00e8 promosso e organizzato dall\u2019Ufficio diocesano per la Famiglia e la Vita &#8211; diretto da don Antonio Carcanella e dai coniugi Pino e Lorena Busacca &#8211; ed Enzo e Fortuna Ruggieri. Forte e fondamentale il coinvolgimento dei sacerdoti e delle comunit\u00e0 parrocchiali di Militello. La giornata si aprir\u00e0 alle ore 9, con l\u2019accoglienza e la recita delle lodi presso il Santuario Maria SS.ma della Stella: di seguito ci si sposter\u00e0 nella Chiesa Madre San Nicol\u00f2; alle ore 10.30, Tonino Cantelmi, psichiatra e psicoterapeuta, svolger\u00e0 la sua relazione sul tema \u201cClikk@more &#8211; Riflessioni sull\u2019amore ai tempi di internet\u201d. A seguire \u00e8 previsto il dialogo in assemblea. Concluder\u00e0 i lavori mons. Peri. Alle ore 13, al Santuario Maria SS.ma della Stella sono previsti un\u2019agape fraterna e un momento di festa. Nel pomeriggio la visita guidata al barocco della cittadina. A concludere l\u2019appuntamento la Celebrazione eucaristica, alle ore 17, \u00a0presieduta dal Vescovo nella Chiesa madre San Nicol\u00f2. [01]<\/span><\/span><span style=\"font-size:12.0pt;font-family:\"Times New Roman\",\"serif\";\nmso-fareast-font-family:\"Times New Roman\"\"><o:p><\/o:p><\/span><\/p>\n","protected":false},"excerpt":{"rendered":"","protected":false},"author":1,"featured_media":0,"comment_status":"open","ping_status":"open","sticky":false,"template":"","format":"standard","meta":[],"categories":[30],"tags":[],"news-destination":[],"news-source":[],"is_homepage":[],"ta_other":[],"_links":{"self":[{"href":"https:\/\/www.chiesedisicilia.org\/chiesedisicilia\/news\/wp-json\/wp\/v2\/posts\/1523"}],"collection":[{"href":"https:\/\/www.chiesedisicilia.org\/chiesedisicilia\/news\/wp-json\/wp\/v2\/posts"}],"about":[{"href":"https:\/\/www.chiesedisicilia.org\/chiesedisicilia\/news\/wp-json\/wp\/v2\/types\/post"}],"author":[{"embeddable":true,"href":"https:\/\/www.chiesedisicilia.org\/chiesedisicilia\/news\/wp-json\/wp\/v2\/users\/1"}],"replies":[{"embeddable":true,"href":"https:\/\/www.chiesedisicilia.org\/chiesedisicilia\/news\/wp-json\/wp\/v2\/comments?post=1523"}],"version-history":[{"count":1,"href":"https:\/\/www.chiesedisicilia.org\/chiesedisicilia\/news\/wp-json\/wp\/v2\/posts\/1523\/revisions"}],"predecessor-version":[{"id":20005,"href":"https:\/\/www.chiesedisicilia.org\/chiesedisicilia\/news\/wp-json\/wp\/v2\/posts\/1523\/revisions\/20005"}],"wp:attachment":[{"href":"https:\/\/www.chiesedisicilia.org\/chiesedisicilia\/news\/wp-json\/wp\/v2\/media?parent=1523"}],"wp:term":[{"taxonomy":"category","embeddable":true,"href":"https:\/\/www.chiesedisicilia.org\/chiesedisicilia\/news\/wp-json\/wp\/v2\/categories?post=1523"},{"taxonomy":"post_tag","embeddable":true,"href":"https:\/\/www.chiesedisicilia.org\/chiesedisicilia\/news\/wp-json\/wp\/v2\/tags?post=1523"},{"taxonomy":"news-destination","embeddable":true,"href":"https:\/\/www.chiesedisicilia.org\/chiesedisicilia\/news\/wp-json\/wp\/v2\/news-destination?post=1523"},{"taxonomy":"news-source","embeddable":true,"href":"https:\/\/www.chiesedisicilia.org\/chiesedisicilia\/news\/wp-json\/wp\/v2\/news-source?post=1523"},{"taxonomy":"is_homepage","embeddable":true,"href":"https:\/\/www.chiesedisicilia.org\/chiesedisicilia\/news\/wp-json\/wp\/v2\/is_homepage?post=1523"},{"taxonomy":"ta_other","embeddable":true,"href":"https:\/\/www.chiesedisicilia.org\/chiesedisicilia\/news\/wp-json\/wp\/v2\/ta_other?post=1523"}],"curies":[{"name":"wp","href":"https:\/\/api.w.org\/{rel}","templated":true}]}}