{"id":1521,"date":"2013-05-23T20:02:00","date_gmt":"2013-05-23T18:02:00","guid":{"rendered":"http:\/\/wptestsite.tecnavia.com\/chiesedisicilia_clientsite\/news\/2013\/05\/23\/caltagirone-don-pino-puglisi-il-martirio-e-testimonianza-di-vita\/"},"modified":"2018-11-09T11:00:34","modified_gmt":"2018-01-13T11:00:34","slug":"caltagirone-don-pino-puglisi-il-martirio-e-testimonianza-di-vita","status":"publish","type":"post","link":"https:\/\/www.chiesedisicilia.org\/2013\/05\/23\/caltagirone-don-pino-puglisi-il-martirio-e-testimonianza-di-vita\/","title":{"rendered":"CALTAGIRONE. DON PINO PUGLISI: \u201cIL MARTIRIO \u00c8 TESTIMONIANZA DI VITA\u201d"},"content":{"rendered":"<div><span style=\"font-family: 'Times New Roman';\">\u00a0<span style=\"font-size: 12pt; text-align: justify;\">Sull\u2019esempio del futuro Beato padre Pino Puglisi l\u2019intera comunit\u00e0 ecclesiale calatina \u201cfaccia della legalit\u00e0 e dell\u2019antimafia non uno slogan, ma una convinzione profonda di coerenza al Vangelo\u201d. \u00c8 l\u2019appello di mons. Calogero Peri, Vescovo di Caltagirone in vista dell\u2019ormai prossima Beatificazione del sacerdote di Brancaccio, che avr\u00e0 luogo sabato 25 maggio, a Palermo, alle ore 10.30, al Foro Italico.<\/span><\/span><\/div>\n<p class=\"MsoNormal\" style=\"text-align:justify\"><span style=\"font-family: 'Times New Roman';\"><span style=\"font-size: 12pt;\" times=\"\" new=\"\">\u201cDon Pino non era un grande oratore, ma la sua voce si fece ben udire, ed oggi ancora di pi\u00f9 \u2013 dice il Vescovo ricordando gli anni Ottanta, quando insieme si occupavano del Centro regionale per le Vocazioni &#8211; non si pu\u00f2 far tacere la voce di Dio. Con quello che non ha detto, con quello che non \u00e8 riuscito a fare, don Pino parla ancora. Mi riferisco, ad esempio, al progetto della chiesa che sar\u00e0 costruita su un terreno confiscato alla mafia. Quando sembra che il male abbia il potere di interrompere tutto, la pazienza ci dice a chi appartiene la parola e il potere per cambiare la storia\u201d.<\/span><\/span><span style=\"font-size:12.0pt;font-family:\" times=\"\" new=\"\"><o:p><\/o:p><\/span><\/p>\n<p class=\"MsoNormal\" style=\"text-align:justify\"><span style=\"font-family: 'Times New Roman';\"><span style=\"font-size: 12pt;\" times=\"\" new=\"\">Tracciando il profilo umano di don Puglisi, mons. Peri evidenzia poi il suon essere \u201cun uomo gioioso, sereno, capace di entusiasmarsi per i problemi e di agire con convinzione. Era innamorato del suo sacerdozio \u2013 aggiunge il Vescovo \u2013 e non pensava di stare interpretando un modello eccezionale di prete, ma di vivere il suo ministero in modo autentico. Il suo sorriso rifletteva il sorriso di Dio sulla storia\u201d. [01]<\/span><\/span><span style=\"font-size:12.0pt;font-family:\" times=\"\" new=\"\"><o:p><\/o:p><\/span><\/p>\n","protected":false},"excerpt":{"rendered":"","protected":false},"author":1,"featured_media":0,"comment_status":"open","ping_status":"open","sticky":false,"template":"","format":"standard","meta":[],"categories":[30],"tags":[],"news-destination":[],"news-source":[],"is_homepage":[],"ta_other":[],"_links":{"self":[{"href":"https:\/\/www.chiesedisicilia.org\/chiesedisicilia\/news\/wp-json\/wp\/v2\/posts\/1521"}],"collection":[{"href":"https:\/\/www.chiesedisicilia.org\/chiesedisicilia\/news\/wp-json\/wp\/v2\/posts"}],"about":[{"href":"https:\/\/www.chiesedisicilia.org\/chiesedisicilia\/news\/wp-json\/wp\/v2\/types\/post"}],"author":[{"embeddable":true,"href":"https:\/\/www.chiesedisicilia.org\/chiesedisicilia\/news\/wp-json\/wp\/v2\/users\/1"}],"replies":[{"embeddable":true,"href":"https:\/\/www.chiesedisicilia.org\/chiesedisicilia\/news\/wp-json\/wp\/v2\/comments?post=1521"}],"version-history":[{"count":1,"href":"https:\/\/www.chiesedisicilia.org\/chiesedisicilia\/news\/wp-json\/wp\/v2\/posts\/1521\/revisions"}],"predecessor-version":[{"id":20005,"href":"https:\/\/www.chiesedisicilia.org\/chiesedisicilia\/news\/wp-json\/wp\/v2\/posts\/1521\/revisions\/20005"}],"wp:attachment":[{"href":"https:\/\/www.chiesedisicilia.org\/chiesedisicilia\/news\/wp-json\/wp\/v2\/media?parent=1521"}],"wp:term":[{"taxonomy":"category","embeddable":true,"href":"https:\/\/www.chiesedisicilia.org\/chiesedisicilia\/news\/wp-json\/wp\/v2\/categories?post=1521"},{"taxonomy":"post_tag","embeddable":true,"href":"https:\/\/www.chiesedisicilia.org\/chiesedisicilia\/news\/wp-json\/wp\/v2\/tags?post=1521"},{"taxonomy":"news-destination","embeddable":true,"href":"https:\/\/www.chiesedisicilia.org\/chiesedisicilia\/news\/wp-json\/wp\/v2\/news-destination?post=1521"},{"taxonomy":"news-source","embeddable":true,"href":"https:\/\/www.chiesedisicilia.org\/chiesedisicilia\/news\/wp-json\/wp\/v2\/news-source?post=1521"},{"taxonomy":"is_homepage","embeddable":true,"href":"https:\/\/www.chiesedisicilia.org\/chiesedisicilia\/news\/wp-json\/wp\/v2\/is_homepage?post=1521"},{"taxonomy":"ta_other","embeddable":true,"href":"https:\/\/www.chiesedisicilia.org\/chiesedisicilia\/news\/wp-json\/wp\/v2\/ta_other?post=1521"}],"curies":[{"name":"wp","href":"https:\/\/api.w.org\/{rel}","templated":true}]}}