{"id":1517,"date":"2013-05-09T13:29:00","date_gmt":"2013-05-09T11:29:00","guid":{"rendered":"http:\/\/wptestsite.tecnavia.com\/chiesedisicilia_clientsite\/news\/2013\/05\/09\/caltagirone-in-diocesi-il-reliquiario-della-madonna-delle-lacrime\/"},"modified":"2018-11-09T11:00:34","modified_gmt":"2018-01-13T11:00:34","slug":"caltagirone-in-diocesi-il-reliquiario-della-madonna-delle-lacrime","status":"publish","type":"post","link":"https:\/\/www.chiesedisicilia.org\/2013\/05\/09\/caltagirone-in-diocesi-il-reliquiario-della-madonna-delle-lacrime\/","title":{"rendered":"CALTAGIRONE. IN DIOCESI IL RELIQUIARIO DELLA MADONNA DELLE LACRIME"},"content":{"rendered":"<p class=\"MsoNormal\"><span style=\"font-family: 'Times New Roman';\"><span style=\"font-size: 12pt;\">Nell\u2019ambito delle iniziative programmate per il mese di maggio alla Conadomini, oggi, mercoled\u00ec 8 maggio, alle ore 18.30, in Piazza Umberto, \u00e8 previsto l\u2019arrivo del reliquiario <span class=\"style1231\">della Madonna delle Lacrime di Siracusa. Dopo l\u2019accoglienza, il reliquiario sar\u00e0 condotto in processione fino alla parrocchia Maria SS.ma del Monte (ex Chiesa madre), dove mons. Calogero Peri, Vescovo di Caltagirone, presieder\u00e0 la celebrazione eucaristica.<\/span><\/span><\/span><span style=\"font-size:12.0pt;font-family:\"Times New Roman\",\"serif\";\nmso-fareast-font-family:Calibri\"><span class=\"style1231\"><o:p><\/o:p><\/span><\/span><\/p>\n<p class=\"MsoNormal\"><span style=\"font-family: 'Times New Roman';\"><span style=\"font-size: 12pt;\">\u201cNon fermiamoci alle lacrime di Maria, ma apriamoci alla gioia alla quale Maria ci chiama &#8211; afferma il Vescovo -, con le sue lacrime, infatti, la Madre di Cristo ci ha fatto comprendere ancora una volta, che non c\u2019\u00e8 nulla della nostra vita che rimane estraneo a Dio. Il linguaggio eloquente delle lacrime lo testimonia. Ma da qui si apre per noi un\u2019altra possibilit\u00e0, e cio\u00e8 di poterci relazionare con Dio in modo personale\u201d.<\/span><\/span><span style=\"font-size:12.0pt;font-family:\"Times New Roman\",\"serif\";\nmso-fareast-font-family:Calibri\"><o:p><\/o:p><\/span><\/p>\n<p class=\"MsoNormal\"><span style=\"font-family: 'Times New Roman';\"><span style=\"font-size: 12pt;\">Il programma dei festeggiamenti alla Conadomini procede, intanto, secondo il calendario previsto.<\/span><\/span><span style=\"font-size:12.0pt;font-family:\"Times New Roman\",\"serif\";\nmso-fareast-font-family:Calibri\"><o:p><\/o:p><\/span><\/p>\n<p class=\"MsoNormal\"><span style=\"font-family: 'Times New Roman';\"><span style=\"font-size: 12pt;\">Fino al 30 maggio, ogni mattina, alle 8.30 si celebra la Santa Messa, ed ogni sera, alle ore 19.15, oltre alla Santa Messa \u00e8 prevista la recita del Santo Rosario ed il canto delle lodi. <span class=\"style1231\">Il 30 maggio, vigilia della festa, mons. Peri presieder\u00e0 i Primi Vespri, alle ore 20.00, con la partecipazione delle autorit\u00e0 cittadine. Il 31 maggio, giorno della solennit\u00e0, le Messe saranno celebrate alle ore 8.30, 10.30 e 18.00. Il Vescovo presieder\u00e0 il Pontificale alle ore 10.30 con la partecipazione del Clero diocesano e delle autorit\u00e0 cittadine. Alle ore 19.30, suggellando la speciale ricorrenza e concludendo i festeggiamenti, la sacra immagine della Madonna di Conadomini sar\u00e0 portata in processione per le vie della Citt\u00e0.<\/span><\/span><\/span><\/p>\n<p class=\"MsoNormal\"><span style=\"font-family: 'Times New Roman';\"><span style=\"font-size: 16px;\">Il reliquiario soster\u00e0 a Caltagirone fino al 10 maggio.<\/span><span style=\"font-size: 12pt;\"><span class=\"style1231\">[01]<\/span><\/span><\/span><span style=\"font-size:12.0pt;font-family:\"Times New Roman\",\"serif\";\nmso-fareast-font-family:Calibri\"><span class=\"style1231\"><o:p><\/o:p><\/span><\/span><\/p>\n","protected":false},"excerpt":{"rendered":"","protected":false},"author":1,"featured_media":0,"comment_status":"open","ping_status":"open","sticky":false,"template":"","format":"standard","meta":[],"categories":[30],"tags":[],"news-destination":[],"news-source":[],"is_homepage":[],"ta_other":[],"_links":{"self":[{"href":"https:\/\/www.chiesedisicilia.org\/chiesedisicilia\/news\/wp-json\/wp\/v2\/posts\/1517"}],"collection":[{"href":"https:\/\/www.chiesedisicilia.org\/chiesedisicilia\/news\/wp-json\/wp\/v2\/posts"}],"about":[{"href":"https:\/\/www.chiesedisicilia.org\/chiesedisicilia\/news\/wp-json\/wp\/v2\/types\/post"}],"author":[{"embeddable":true,"href":"https:\/\/www.chiesedisicilia.org\/chiesedisicilia\/news\/wp-json\/wp\/v2\/users\/1"}],"replies":[{"embeddable":true,"href":"https:\/\/www.chiesedisicilia.org\/chiesedisicilia\/news\/wp-json\/wp\/v2\/comments?post=1517"}],"version-history":[{"count":1,"href":"https:\/\/www.chiesedisicilia.org\/chiesedisicilia\/news\/wp-json\/wp\/v2\/posts\/1517\/revisions"}],"predecessor-version":[{"id":19999,"href":"https:\/\/www.chiesedisicilia.org\/chiesedisicilia\/news\/wp-json\/wp\/v2\/posts\/1517\/revisions\/19999"}],"wp:attachment":[{"href":"https:\/\/www.chiesedisicilia.org\/chiesedisicilia\/news\/wp-json\/wp\/v2\/media?parent=1517"}],"wp:term":[{"taxonomy":"category","embeddable":true,"href":"https:\/\/www.chiesedisicilia.org\/chiesedisicilia\/news\/wp-json\/wp\/v2\/categories?post=1517"},{"taxonomy":"post_tag","embeddable":true,"href":"https:\/\/www.chiesedisicilia.org\/chiesedisicilia\/news\/wp-json\/wp\/v2\/tags?post=1517"},{"taxonomy":"news-destination","embeddable":true,"href":"https:\/\/www.chiesedisicilia.org\/chiesedisicilia\/news\/wp-json\/wp\/v2\/news-destination?post=1517"},{"taxonomy":"news-source","embeddable":true,"href":"https:\/\/www.chiesedisicilia.org\/chiesedisicilia\/news\/wp-json\/wp\/v2\/news-source?post=1517"},{"taxonomy":"is_homepage","embeddable":true,"href":"https:\/\/www.chiesedisicilia.org\/chiesedisicilia\/news\/wp-json\/wp\/v2\/is_homepage?post=1517"},{"taxonomy":"ta_other","embeddable":true,"href":"https:\/\/www.chiesedisicilia.org\/chiesedisicilia\/news\/wp-json\/wp\/v2\/ta_other?post=1517"}],"curies":[{"name":"wp","href":"https:\/\/api.w.org\/{rel}","templated":true}]}}