{"id":1510,"date":"2013-03-25T12:55:00","date_gmt":"2013-03-25T11:55:00","guid":{"rendered":"http:\/\/wptestsite.tecnavia.com\/chiesedisicilia_clientsite\/news\/2013\/03\/25\/caltagirone-in-festa-con-mons-calogero-peri\/"},"modified":"2018-11-09T11:00:34","modified_gmt":"2018-01-13T11:00:34","slug":"caltagirone-in-festa-con-mons-calogero-peri","status":"publish","type":"post","link":"https:\/\/www.chiesedisicilia.org\/2013\/03\/25\/caltagirone-in-festa-con-mons-calogero-peri\/","title":{"rendered":"CALTAGIRONE. IN FESTA CON MONS. CALOGERO PERI"},"content":{"rendered":"<div>\n<p class=\"MsoNormal\" style=\"margin: 0cm 0cm 0pt\"><span style=\"font-family: 'Times New Roman','serif'; font-size: 12pt; mso-fareast-font-family: Calibri\">La Chiesa calatina festeggia il terzo anniversario della Consacrazione episcopale di mons. Calogero Peri, e dell\u2019inizio del suo Ministero nella Diocesi di Caltagirone. Per la ricorrenza, oggi, mercoled\u00ec 20 marzo, alle ore 19.00, mons. Peri presieder\u00e0 la solenne Celebrazione eucaristica nella Basilica Cattedrale di San Giuliano.<o:p><\/o:p><\/span><\/p>\n<p class=\"MsoNormal\" style=\"margin: 0cm 0cm 0pt\"><span style=\"font-family: 'Times New Roman','serif'; font-size: 12pt; mso-fareast-font-family: Calibri\">\u201cQuesta occasione diventa per me un\u2019opportunit\u00e0 per una riflessione personale ed ecclesiale &#8211; afferma il Vescovo -. Noto, ad esempio, che dopo tre anni di maggiore conoscenza, di maggiori esperienze condivise, \u00e8 diverso l\u2019approccio con la realt\u00e0 diocesana. Questo evidentemente \u00e8 un frutto del tempo. A ci\u00f2 si aggiunge la Visita pastorale che sta sempre pi\u00f9 diventando per me un osservatorio diverso della nostra Chiesa, del Popolo di Dio. Penso davvero che sia una grazia. A volte, infatti, pur avendo una buona volont\u00e0 di lavorare, i frutti non arrivano perch\u00e9 non si conosce il territorio, le persone, le risorse e le potenzialit\u00e0. Ecco perch\u00e9 la dimensione personale e quella ecclesiale si intrecciano\u201d.<o:p><\/o:p><\/span><\/p>\n<p class=\"MsoNormal\" style=\"margin: 0cm 0cm 0pt\"><span style=\"font-family: 'Times New Roman','serif'; font-size: 12pt; mso-fareast-font-family: Calibri\">Il terzo anniversario della Consacrazione episcopale di mons. Peri si celebrer\u00e0 all\u2019indomani dell\u2019inizio del Ministero petrino di Papa Francesco.<o:p><\/o:p><\/span><\/p>\n<p class=\"MsoNormal\" style=\"margin: 0cm 0cm 0pt\"><span style=\"font-family: 'Times New Roman','serif'; font-size: 12pt; mso-fareast-font-family: Calibri\">\u201cHo davvero chiara la consapevolezza &#8211; dichiara il Vescovo a tal proposito &#8211; che questo terzo anniversario non si svolga in una normalit\u00e0, ma in un crinale storico e spirituale interessante, in un passaggio provvidenziale dei segni dei tempi determinato prima dalle dimissioni di Benedetto XVI ed ora dall\u2019elezione di Papa Francesco. Non possiamo non cogliere tutto ci\u00f2 e soprattutto attualizzarlo ed incarnarlo nella nostra vita, nella nostra esperienza, nella nostra Chiesa. Credo che dovremmo, tutti, farci sollecitare in questo senso con una nuova riflessione, un nuovo impegno, una nuova progettualit\u00e0 affinch\u00e9 i nostri progetti diventino realt\u00e0 e la realt\u00e0 porti i segni ed i contorni della vita secondo il Vangelo\u201d.<o:p><\/o:p><\/span><\/p>\n<p class=\"MsoNormal\" style=\"margin: 0cm 0cm 0pt\"><span style=\"font-family: 'Times New Roman','serif'; font-size: 12pt; mso-fareast-font-family: Calibri\">Esprime i sentimenti di gioia della Comunit\u00e0 diocesana, il vicario generale don Gianni Zavattieri.<o:p><\/o:p><\/span><\/p>\n<p class=\"MsoNormal\" style=\"margin: 0cm 0cm 0pt\"><span style=\"font-family: 'Times New Roman','serif'; font-size: 12pt; mso-fareast-font-family: Calibri\">\u201c\u00c8 grande il desiderio di esprimere al nostro Vescovo &#8211; afferma &#8211; la nostra gioia e la nostra riconoscenza per questi primi anni trascorsi in mezzo a noi, e l\u2019augurio che ad essi molti altri ne seguano. Rinnoveremo concordi, in quella occasione &#8211; aggiunge don Zavattieri -, il proposito di stabilire con lui, che il Signore ha posto in mezzo a noi come Pastore, Maestro e Padre un\u2019autentica e profonda comunione, certezza e fondamento del nostro essere Chiesa nel Signore Ges\u00f9\u201d. [01]<o:p><\/o:p><\/span><\/p>\n<\/div>\n","protected":false},"excerpt":{"rendered":"","protected":false},"author":1,"featured_media":0,"comment_status":"open","ping_status":"open","sticky":false,"template":"","format":"standard","meta":[],"categories":[30],"tags":[],"news-destination":[],"news-source":[],"is_homepage":[],"ta_other":[],"_links":{"self":[{"href":"https:\/\/www.chiesedisicilia.org\/chiesedisicilia\/news\/wp-json\/wp\/v2\/posts\/1510"}],"collection":[{"href":"https:\/\/www.chiesedisicilia.org\/chiesedisicilia\/news\/wp-json\/wp\/v2\/posts"}],"about":[{"href":"https:\/\/www.chiesedisicilia.org\/chiesedisicilia\/news\/wp-json\/wp\/v2\/types\/post"}],"author":[{"embeddable":true,"href":"https:\/\/www.chiesedisicilia.org\/chiesedisicilia\/news\/wp-json\/wp\/v2\/users\/1"}],"replies":[{"embeddable":true,"href":"https:\/\/www.chiesedisicilia.org\/chiesedisicilia\/news\/wp-json\/wp\/v2\/comments?post=1510"}],"version-history":[{"count":1,"href":"https:\/\/www.chiesedisicilia.org\/chiesedisicilia\/news\/wp-json\/wp\/v2\/posts\/1510\/revisions"}],"predecessor-version":[{"id":19994,"href":"https:\/\/www.chiesedisicilia.org\/chiesedisicilia\/news\/wp-json\/wp\/v2\/posts\/1510\/revisions\/19994"}],"wp:attachment":[{"href":"https:\/\/www.chiesedisicilia.org\/chiesedisicilia\/news\/wp-json\/wp\/v2\/media?parent=1510"}],"wp:term":[{"taxonomy":"category","embeddable":true,"href":"https:\/\/www.chiesedisicilia.org\/chiesedisicilia\/news\/wp-json\/wp\/v2\/categories?post=1510"},{"taxonomy":"post_tag","embeddable":true,"href":"https:\/\/www.chiesedisicilia.org\/chiesedisicilia\/news\/wp-json\/wp\/v2\/tags?post=1510"},{"taxonomy":"news-destination","embeddable":true,"href":"https:\/\/www.chiesedisicilia.org\/chiesedisicilia\/news\/wp-json\/wp\/v2\/news-destination?post=1510"},{"taxonomy":"news-source","embeddable":true,"href":"https:\/\/www.chiesedisicilia.org\/chiesedisicilia\/news\/wp-json\/wp\/v2\/news-source?post=1510"},{"taxonomy":"is_homepage","embeddable":true,"href":"https:\/\/www.chiesedisicilia.org\/chiesedisicilia\/news\/wp-json\/wp\/v2\/is_homepage?post=1510"},{"taxonomy":"ta_other","embeddable":true,"href":"https:\/\/www.chiesedisicilia.org\/chiesedisicilia\/news\/wp-json\/wp\/v2\/ta_other?post=1510"}],"curies":[{"name":"wp","href":"https:\/\/api.w.org\/{rel}","templated":true}]}}