{"id":1507,"date":"2013-02-22T12:15:00","date_gmt":"2013-02-22T11:15:00","guid":{"rendered":"http:\/\/wptestsite.tecnavia.com\/chiesedisicilia_clientsite\/news\/2013\/02\/22\/caltagirone-operatori-caritas-il-volto-di-cristo-nei-poveri\/"},"modified":"2018-11-09T11:00:34","modified_gmt":"2018-01-13T11:00:34","slug":"caltagirone-operatori-caritas-il-volto-di-cristo-nei-poveri","status":"publish","type":"post","link":"https:\/\/www.chiesedisicilia.org\/2013\/02\/22\/caltagirone-operatori-caritas-il-volto-di-cristo-nei-poveri\/","title":{"rendered":"CALTAGIRONE. OPERATORI CARITAS. \u201cIL VOLTO DI CRISTO NEI POVERI\u201d"},"content":{"rendered":"<div>\n<p class=\"MsoNormal\" style=\"margin: 0cm 0cm 0pt\"><span style=\"font-family: 'Times New Roman','serif'; font-size: 12pt\">La dimensione spirituale, ed in particolare \u201cIl volto di Cristo nei poveri\u201d, fondamenti biblici dell&#8217;ascolto, dell&#8217;accoglienza e dell&#8217;agire sar\u00e0 il tema dell\u2019incontro che si svolger\u00e0 oggi, gioved\u00ec 7 marzo, nell\u2019ambito del Corso base per la formazione dei Centri di ascolto Caritas. Quello odierno \u00e8 il terzo di un ciclo di cinque appuntamenti, frequentando i quali si potr\u00e0 ottenere un attestato di frequenza.<o:p><\/o:p><\/span><\/p>\n<p class=\"MsoNormal\" style=\"margin: 0cm 0cm 0pt\"><span style=\"font-family: 'Times New Roman','serif'; font-size: 12pt\">L\u2019incontro avr\u00e0 inizio alle ore 18.00, presso l&#8217;Hotel Villa Sturzo, a Caltagirone.<o:p><\/o:p><\/span><\/p>\n<p class=\"MsoNormal\" style=\"margin: 0cm 0cm 0pt\"><span style=\"font-family: 'Times New Roman','serif'; font-size: 12pt\">Il quarto momento di formazione si svolger\u00e0 gioved\u00ec prossimo, 14 marzo. Mario Vacirca, assistente sociale, si soffermer\u00e0 sulla dimensione sociale, approfondendo \u201cElementi di legislazione sociale\u201d, con la legge 328\/2000 e le politiche di welfare. Gioved\u00ec 4 aprile, l&#8217;ultimo incontro, sar\u00e0 condotto da Luigi Bizzini, coordinatore dell&#8217;Osservatorio delle Povert\u00e0, sul tema della dimensione tecnico-operativa: \u201cL&#8217;Osservatorio delle Povert\u00e0 e delle Risorse\u201d. La rete sociale del territorio.<o:p><\/o:p><\/span><\/p>\n<p class=\"MsoNormal\" style=\"margin: 0cm 0cm 0pt\"><span style=\"font-family: 'Times New Roman','serif'; font-size: 12pt\">Al termine del percorso formativo sar\u00e0 rilasciato un attestato di frequenza ai partecipanti presenti ad almeno 4 incontri sui 5 previsti. [01]<o:p><\/o:p><\/span><\/p>\n<\/div>\n","protected":false},"excerpt":{"rendered":"","protected":false},"author":1,"featured_media":0,"comment_status":"open","ping_status":"open","sticky":false,"template":"","format":"standard","meta":[],"categories":[30],"tags":[],"news-destination":[],"news-source":[],"is_homepage":[],"ta_other":[],"_links":{"self":[{"href":"https:\/\/www.chiesedisicilia.org\/chiesedisicilia\/news\/wp-json\/wp\/v2\/posts\/1507"}],"collection":[{"href":"https:\/\/www.chiesedisicilia.org\/chiesedisicilia\/news\/wp-json\/wp\/v2\/posts"}],"about":[{"href":"https:\/\/www.chiesedisicilia.org\/chiesedisicilia\/news\/wp-json\/wp\/v2\/types\/post"}],"author":[{"embeddable":true,"href":"https:\/\/www.chiesedisicilia.org\/chiesedisicilia\/news\/wp-json\/wp\/v2\/users\/1"}],"replies":[{"embeddable":true,"href":"https:\/\/www.chiesedisicilia.org\/chiesedisicilia\/news\/wp-json\/wp\/v2\/comments?post=1507"}],"version-history":[{"count":1,"href":"https:\/\/www.chiesedisicilia.org\/chiesedisicilia\/news\/wp-json\/wp\/v2\/posts\/1507\/revisions"}],"predecessor-version":[{"id":19991,"href":"https:\/\/www.chiesedisicilia.org\/chiesedisicilia\/news\/wp-json\/wp\/v2\/posts\/1507\/revisions\/19991"}],"wp:attachment":[{"href":"https:\/\/www.chiesedisicilia.org\/chiesedisicilia\/news\/wp-json\/wp\/v2\/media?parent=1507"}],"wp:term":[{"taxonomy":"category","embeddable":true,"href":"https:\/\/www.chiesedisicilia.org\/chiesedisicilia\/news\/wp-json\/wp\/v2\/categories?post=1507"},{"taxonomy":"post_tag","embeddable":true,"href":"https:\/\/www.chiesedisicilia.org\/chiesedisicilia\/news\/wp-json\/wp\/v2\/tags?post=1507"},{"taxonomy":"news-destination","embeddable":true,"href":"https:\/\/www.chiesedisicilia.org\/chiesedisicilia\/news\/wp-json\/wp\/v2\/news-destination?post=1507"},{"taxonomy":"news-source","embeddable":true,"href":"https:\/\/www.chiesedisicilia.org\/chiesedisicilia\/news\/wp-json\/wp\/v2\/news-source?post=1507"},{"taxonomy":"is_homepage","embeddable":true,"href":"https:\/\/www.chiesedisicilia.org\/chiesedisicilia\/news\/wp-json\/wp\/v2\/is_homepage?post=1507"},{"taxonomy":"ta_other","embeddable":true,"href":"https:\/\/www.chiesedisicilia.org\/chiesedisicilia\/news\/wp-json\/wp\/v2\/ta_other?post=1507"}],"curies":[{"name":"wp","href":"https:\/\/api.w.org\/{rel}","templated":true}]}}