{"id":1505,"date":"2013-02-22T12:13:00","date_gmt":"2013-02-22T11:13:00","guid":{"rendered":"http:\/\/wptestsite.tecnavia.com\/chiesedisicilia_clientsite\/news\/2013\/02\/22\/caltagirone-operatori-caritas-formazione-e-competenze-relazionali\/"},"modified":"2018-11-09T11:00:34","modified_gmt":"2018-01-13T11:00:34","slug":"caltagirone-operatori-caritas-formazione-e-competenze-relazionali","status":"publish","type":"post","link":"https:\/\/www.chiesedisicilia.org\/2013\/02\/22\/caltagirone-operatori-caritas-formazione-e-competenze-relazionali\/","title":{"rendered":"CALTAGIRONE. OPERATORI CARITAS. FORMAZIONE E COMPETENZE RELAZIONALI"},"content":{"rendered":"<div>\n<p class=\"MsoNormal\" style=\"margin: 0cm 0cm 0pt\"><span style=\"font-family: 'Times New Roman','serif'; font-size: 12pt\">Prende il via oggi, gioved\u00ec 21 febbraio, alle ore 18.00, presso l&#8217;Hotel Villa Sturzo, il Corso base per la formazione di operatori di \u201cCentro d&#8217;ascolto Caritas\u201d. L&#8217;iniziativa \u00e8 promossa ed organizzata dalla Caritas diocesana, diretta da don Luciano Di Silvestro. Il percorso di formazione si articola in cinque incontri, durante i quali saranno affrontati altrettanti aspetti caratterizzanti il compito di un operatore di Centro d&#8217;ascolto. Al termine del percorso i partecipanti avranno acquisito sia le competenze relazionali per rispondere adeguatamente alle esigenze delle persone in difficolt\u00e0, sia la conoscenza degli strumenti operativi utili per creare e sostenere una relazione d&#8217;aiuto.<o:p><\/o:p><\/span><\/p>\n<p class=\"MsoNormal\" style=\"margin: 0cm 0cm 0pt\"><span style=\"font-family: 'Times New Roman','serif'; font-size: 12pt\">\u201cIl compito di un operatore pastorale del Centro d&#8217;ascolto &#8211; spiega don Di Silvestro &#8211; \u00e8 quello di instaurare, con la persona che si rivolge al Centro, una relazione basata sull\u2019accoglienza, l\u2019ascolto, la disponibilit\u00e0 ed il sostegno. Il volontario deve, quindi, possedere specifiche capacit\u00e0 relazionali nonch\u00e9 strumenti conoscitivi capaci di riconoscere lo stato di bisogno della persona\u201d.<o:p><\/o:p><\/span><\/p>\n<p class=\"MsoNormal\" style=\"margin: 0cm 0cm 0pt\"><span style=\"font-family: 'Times New Roman','serif'; font-size: 12pt\">Il primo incontro in programma sar\u00e0 guidato dal direttore della Caritas diocesana, ed approfondir\u00e0 gli aspetti relativi alla dimensione pedagogica e pastorale: \u201cIl Centro d&#8217;ascolto asse portante della Caritas\u201d.<o:p><\/o:p><\/span><\/p>\n<p class=\"MsoNormal\" style=\"margin: 0cm 0cm 0pt\"><span style=\"font-family: 'Times New Roman','serif'; font-size: 12pt\">Il prossimo incontro \u00e8 in programma per venerd\u00ec 1 marzo. [01]<o:p><\/o:p><\/span><\/p>\n<\/div>\n","protected":false},"excerpt":{"rendered":"","protected":false},"author":1,"featured_media":0,"comment_status":"open","ping_status":"open","sticky":false,"template":"","format":"standard","meta":[],"categories":[30],"tags":[],"news-destination":[],"news-source":[],"is_homepage":[],"ta_other":[],"_links":{"self":[{"href":"https:\/\/www.chiesedisicilia.org\/chiesedisicilia\/news\/wp-json\/wp\/v2\/posts\/1505"}],"collection":[{"href":"https:\/\/www.chiesedisicilia.org\/chiesedisicilia\/news\/wp-json\/wp\/v2\/posts"}],"about":[{"href":"https:\/\/www.chiesedisicilia.org\/chiesedisicilia\/news\/wp-json\/wp\/v2\/types\/post"}],"author":[{"embeddable":true,"href":"https:\/\/www.chiesedisicilia.org\/chiesedisicilia\/news\/wp-json\/wp\/v2\/users\/1"}],"replies":[{"embeddable":true,"href":"https:\/\/www.chiesedisicilia.org\/chiesedisicilia\/news\/wp-json\/wp\/v2\/comments?post=1505"}],"version-history":[{"count":1,"href":"https:\/\/www.chiesedisicilia.org\/chiesedisicilia\/news\/wp-json\/wp\/v2\/posts\/1505\/revisions"}],"predecessor-version":[{"id":19987,"href":"https:\/\/www.chiesedisicilia.org\/chiesedisicilia\/news\/wp-json\/wp\/v2\/posts\/1505\/revisions\/19987"}],"wp:attachment":[{"href":"https:\/\/www.chiesedisicilia.org\/chiesedisicilia\/news\/wp-json\/wp\/v2\/media?parent=1505"}],"wp:term":[{"taxonomy":"category","embeddable":true,"href":"https:\/\/www.chiesedisicilia.org\/chiesedisicilia\/news\/wp-json\/wp\/v2\/categories?post=1505"},{"taxonomy":"post_tag","embeddable":true,"href":"https:\/\/www.chiesedisicilia.org\/chiesedisicilia\/news\/wp-json\/wp\/v2\/tags?post=1505"},{"taxonomy":"news-destination","embeddable":true,"href":"https:\/\/www.chiesedisicilia.org\/chiesedisicilia\/news\/wp-json\/wp\/v2\/news-destination?post=1505"},{"taxonomy":"news-source","embeddable":true,"href":"https:\/\/www.chiesedisicilia.org\/chiesedisicilia\/news\/wp-json\/wp\/v2\/news-source?post=1505"},{"taxonomy":"is_homepage","embeddable":true,"href":"https:\/\/www.chiesedisicilia.org\/chiesedisicilia\/news\/wp-json\/wp\/v2\/is_homepage?post=1505"},{"taxonomy":"ta_other","embeddable":true,"href":"https:\/\/www.chiesedisicilia.org\/chiesedisicilia\/news\/wp-json\/wp\/v2\/ta_other?post=1505"}],"curies":[{"name":"wp","href":"https:\/\/api.w.org\/{rel}","templated":true}]}}