{"id":1503,"date":"2013-02-15T09:24:00","date_gmt":"2013-02-15T08:24:00","guid":{"rendered":"http:\/\/wptestsite.tecnavia.com\/chiesedisicilia_clientsite\/news\/2013\/02\/15\/caltagirone-mons-peri-in-visita-pastorale-a-mazzarrone\/"},"modified":"2018-11-09T11:00:34","modified_gmt":"2018-01-13T11:00:34","slug":"caltagirone-mons-peri-in-visita-pastorale-a-mazzarrone","status":"publish","type":"post","link":"https:\/\/www.chiesedisicilia.org\/2013\/02\/15\/caltagirone-mons-peri-in-visita-pastorale-a-mazzarrone\/","title":{"rendered":"CALTAGIRONE. MONS. PERI IN VISITA PASTORALE A MAZZARRONE"},"content":{"rendered":"<div>\n<p class=\"MsoNormal\" style=\"margin: 0cm 0cm 0pt\"><span style=\"font-family: 'Times New Roman','serif'; font-size: 12pt\">Da oggi, sabato 16, a sabato prossimo 23 febbraio, mons. Calogero Peri, Vescovo di Caltagirone, sar\u00e0 in visita pastorale a Mazzarrone. \u201cOgni nuova tappa della visita pastorale \u00e8 sempre un nuovo incontro &#8211; spiega il Vescovo -. Non vogliamo proporre clich\u00e9 gi\u00e0 sperimentati, ma essendo liberi da schemi prestabiliti ci rivolgiamo al vissuto della comunit\u00e0 per comprenderne le ricchezze e le esigenze alla luce del Vangelo\u201d.<o:p><\/o:p><\/span><\/p>\n<p class=\"MsoNormal\" style=\"margin: 0cm 0cm 0pt\"><span style=\"font-family: 'Times New Roman','serif'; font-size: 12pt\">La comunit\u00e0 di Mazzarrone si \u00e8 preparata all\u2019appuntamento con la preghiera e un ciclo di incontri su tematiche relative alla natura della Chiesa, alla comunione gerarchica e all\u2019episcopato.<o:p><\/o:p><\/span><\/p>\n<p class=\"MsoNormal\" style=\"margin: 0cm 0cm 0pt\"><span style=\"font-family: 'Times New Roman','serif'; font-size: 12pt\">\u201cLa visita pastorale del Vescovo &#8211; dichiara don Sebastiano Di Benedetto, parroco delle Parrocchie Matrice, Sacro Cuore e Santa Maria del Rosario &#8211; \u00e8 da vivere come u<span style=\"mso-bidi-font-style: italic\">n evento di grazia per le nostre parrocchie; essa, infatti, riflette in qualche misura quella specialissima visita con la quale il \u201csupremo pastore\u201d e guardiano delle nostre anime, Ges\u00f9 Cristo, ha visitato e redento il suo popolo\u201d.<o:p><\/o:p><\/span><\/span><\/p>\n<p class=\"MsoNormal\" style=\"margin: 0cm 0cm 0pt\"><span style=\"font-family: 'Times New Roman','serif'; font-size: 12pt\">Il programma prevede l\u2019apertura della visita, oggi, alle ore 19.00, con la Celebrazione eucaristica presso la chiesa\u00a0San Giuseppe (Matrice).<o:p><\/o:p><\/span><\/p>\n<p class=\"MsoNormal\" style=\"margin: 0cm 0cm 0pt\"><span style=\"font-family: 'Times New Roman','serif'; font-size: 12pt\">Nei sette giorni di permanenza a Mazzarrone il Vescovo incontrer\u00e0 le istituzioni, le imprese e le aziende agricole, le famiglie, le scuole, le associazioni culturali, sportive e di volontariato, riservando tuttavia particolare attenzione alle comunit\u00e0 parrocchiali. Fra i momenti di maggior suggestione si presenta gi\u00e0 la Via Crucis che venerd\u00ec 22 febbraio, a partire dalle ore 15, coinvolger\u00e0 l\u2019intera cittadina. <o:p><\/o:p><\/span><\/p>\n<p class=\"MsoNormal\" style=\"margin: 0cm 0cm 0pt\"><span style=\"font-family: 'Times New Roman','serif'; font-size: 12pt\">La visita pastorale a Mazzarrone si concluder\u00e0 sabato 23 febbraio con la Celebrazione eucaristica presieduta dal Vescovo in Chiesa Madre. [01]<o:p><\/o:p><\/span><\/p>\n<\/div>\n","protected":false},"excerpt":{"rendered":"","protected":false},"author":1,"featured_media":0,"comment_status":"open","ping_status":"open","sticky":false,"template":"","format":"standard","meta":[],"categories":[30],"tags":[],"news-destination":[],"news-source":[],"is_homepage":[],"ta_other":[],"_links":{"self":[{"href":"https:\/\/www.chiesedisicilia.org\/chiesedisicilia\/news\/wp-json\/wp\/v2\/posts\/1503"}],"collection":[{"href":"https:\/\/www.chiesedisicilia.org\/chiesedisicilia\/news\/wp-json\/wp\/v2\/posts"}],"about":[{"href":"https:\/\/www.chiesedisicilia.org\/chiesedisicilia\/news\/wp-json\/wp\/v2\/types\/post"}],"author":[{"embeddable":true,"href":"https:\/\/www.chiesedisicilia.org\/chiesedisicilia\/news\/wp-json\/wp\/v2\/users\/1"}],"replies":[{"embeddable":true,"href":"https:\/\/www.chiesedisicilia.org\/chiesedisicilia\/news\/wp-json\/wp\/v2\/comments?post=1503"}],"version-history":[{"count":1,"href":"https:\/\/www.chiesedisicilia.org\/chiesedisicilia\/news\/wp-json\/wp\/v2\/posts\/1503\/revisions"}],"predecessor-version":[{"id":19987,"href":"https:\/\/www.chiesedisicilia.org\/chiesedisicilia\/news\/wp-json\/wp\/v2\/posts\/1503\/revisions\/19987"}],"wp:attachment":[{"href":"https:\/\/www.chiesedisicilia.org\/chiesedisicilia\/news\/wp-json\/wp\/v2\/media?parent=1503"}],"wp:term":[{"taxonomy":"category","embeddable":true,"href":"https:\/\/www.chiesedisicilia.org\/chiesedisicilia\/news\/wp-json\/wp\/v2\/categories?post=1503"},{"taxonomy":"post_tag","embeddable":true,"href":"https:\/\/www.chiesedisicilia.org\/chiesedisicilia\/news\/wp-json\/wp\/v2\/tags?post=1503"},{"taxonomy":"news-destination","embeddable":true,"href":"https:\/\/www.chiesedisicilia.org\/chiesedisicilia\/news\/wp-json\/wp\/v2\/news-destination?post=1503"},{"taxonomy":"news-source","embeddable":true,"href":"https:\/\/www.chiesedisicilia.org\/chiesedisicilia\/news\/wp-json\/wp\/v2\/news-source?post=1503"},{"taxonomy":"is_homepage","embeddable":true,"href":"https:\/\/www.chiesedisicilia.org\/chiesedisicilia\/news\/wp-json\/wp\/v2\/is_homepage?post=1503"},{"taxonomy":"ta_other","embeddable":true,"href":"https:\/\/www.chiesedisicilia.org\/chiesedisicilia\/news\/wp-json\/wp\/v2\/ta_other?post=1503"}],"curies":[{"name":"wp","href":"https:\/\/api.w.org\/{rel}","templated":true}]}}