{"id":1501,"date":"2013-02-06T17:40:00","date_gmt":"2013-02-06T16:40:00","guid":{"rendered":"http:\/\/wptestsite.tecnavia.com\/chiesedisicilia_clientsite\/news\/2013\/02\/06\/caltagirone-la-bellezza-della-chiesa-che-prega\/"},"modified":"2018-11-09T11:00:34","modified_gmt":"2018-01-13T11:00:34","slug":"caltagirone-la-bellezza-della-chiesa-che-prega","status":"publish","type":"post","link":"https:\/\/www.chiesedisicilia.org\/2013\/02\/06\/caltagirone-la-bellezza-della-chiesa-che-prega\/","title":{"rendered":"CALTAGIRONE. \u201cLA BELLEZZA DELLA CHIESA CHE PREGA\u201d"},"content":{"rendered":"<div>\n<p class=\"MsoNormal\" style=\"margin: 0cm 0cm 0pt\"><span style=\"font-family: 'Times New Roman','serif'; font-size: 12pt\">Si \u00e8 aperto oggi, luned\u00ec 4 febbraio, alle ore 12, presso Villa Sturzo, il Corso di esercizi spirituali per il clero, promossi da mons. Calogero Peri, Vescovo di Caltagirone, ed organizzato in collaborazione con il Consiglio presbiterale diocesano.<o:p><\/o:p><\/span><\/p>\n<p class=\"MsoNormal\" style=\"margin: 0cm 0cm 0pt\"><span style=\"font-family: 'Times New Roman','serif'; font-size: 12pt\">Il Corso, che sino a venerd\u00ec 8 febbraio vedr\u00e0 i partecipanti riuniti in un\u2019occasione di crescita e di comunione presbiterale, sar\u00e0 guidato da don Giuseppe Alcamo, docente di catechetica alla Facolt\u00e0 Teologica di Sicilia \u201cSan Giovanni Evangelista\u201d ed avr\u00e0 come tema \u201cFede e Profezia\u201d (ciclo di Elia).<o:p><\/o:p><\/span><\/p>\n<p class=\"MsoNormal\" style=\"margin: 0cm 0cm 0pt\"><span style=\"font-family: 'Times New Roman','serif'; font-size: 12pt\">\u201cGli esercizi spirituali pi\u00f9 che un obbligo da assolvere, sono un momento edificante da vivere in comunione &#8211; spiega mons. Peri -, mostrando il volto pi\u00f9 bello del nostro presbiterio, che si rivela nella comunione fra di noi, e fra di noi con Dio. Nel mese di luglio, da luned\u00ec 15 a venerd\u00ec 19, \u00e8 previsto un secondo Corso di esercizi spirituali, ad Assisi, presso il Centro di spiritualit\u00e0 Domus Laetitiae, che sar\u00e0 guidato da mons. Peri, sul tema \u201cSe tu conoscessi il dono di Dio\u201d (Gv 4,10) La fede: dono e risposta. \u201cNel cammino di formazione personale dei ministri ordinati, e cio\u00e8 di vescovi, presbiteri e diaconi &#8211; afferma don Nen\u00e8 Valdini, segretario del Consiglio presbiterale diocesano &#8211; trovare un tempo per ritemprare lo spirito \u00e8 necessario e fondamentale. Gli esercizi spirituali sono lo strumento adatto, a questo scopo, rappresentando un invito a lasciare le nostre attivit\u00e0 e a ritrovarci insieme, per crescere nella fede e nell\u2019intimit\u00e0 con Colui che ci ha fatti suoi ministri e collaboratori, e riprendere, con rinnovato slancio, l\u2019attivit\u00e0 pastorale\u201d. [01]<o:p><\/o:p><\/span><\/p>\n<\/div>\n","protected":false},"excerpt":{"rendered":"","protected":false},"author":1,"featured_media":0,"comment_status":"open","ping_status":"open","sticky":false,"template":"","format":"standard","meta":[],"categories":[30],"tags":[],"news-destination":[],"news-source":[],"is_homepage":[],"ta_other":[],"_links":{"self":[{"href":"https:\/\/www.chiesedisicilia.org\/chiesedisicilia\/news\/wp-json\/wp\/v2\/posts\/1501"}],"collection":[{"href":"https:\/\/www.chiesedisicilia.org\/chiesedisicilia\/news\/wp-json\/wp\/v2\/posts"}],"about":[{"href":"https:\/\/www.chiesedisicilia.org\/chiesedisicilia\/news\/wp-json\/wp\/v2\/types\/post"}],"author":[{"embeddable":true,"href":"https:\/\/www.chiesedisicilia.org\/chiesedisicilia\/news\/wp-json\/wp\/v2\/users\/1"}],"replies":[{"embeddable":true,"href":"https:\/\/www.chiesedisicilia.org\/chiesedisicilia\/news\/wp-json\/wp\/v2\/comments?post=1501"}],"version-history":[{"count":1,"href":"https:\/\/www.chiesedisicilia.org\/chiesedisicilia\/news\/wp-json\/wp\/v2\/posts\/1501\/revisions"}],"predecessor-version":[{"id":19983,"href":"https:\/\/www.chiesedisicilia.org\/chiesedisicilia\/news\/wp-json\/wp\/v2\/posts\/1501\/revisions\/19983"}],"wp:attachment":[{"href":"https:\/\/www.chiesedisicilia.org\/chiesedisicilia\/news\/wp-json\/wp\/v2\/media?parent=1501"}],"wp:term":[{"taxonomy":"category","embeddable":true,"href":"https:\/\/www.chiesedisicilia.org\/chiesedisicilia\/news\/wp-json\/wp\/v2\/categories?post=1501"},{"taxonomy":"post_tag","embeddable":true,"href":"https:\/\/www.chiesedisicilia.org\/chiesedisicilia\/news\/wp-json\/wp\/v2\/tags?post=1501"},{"taxonomy":"news-destination","embeddable":true,"href":"https:\/\/www.chiesedisicilia.org\/chiesedisicilia\/news\/wp-json\/wp\/v2\/news-destination?post=1501"},{"taxonomy":"news-source","embeddable":true,"href":"https:\/\/www.chiesedisicilia.org\/chiesedisicilia\/news\/wp-json\/wp\/v2\/news-source?post=1501"},{"taxonomy":"is_homepage","embeddable":true,"href":"https:\/\/www.chiesedisicilia.org\/chiesedisicilia\/news\/wp-json\/wp\/v2\/is_homepage?post=1501"},{"taxonomy":"ta_other","embeddable":true,"href":"https:\/\/www.chiesedisicilia.org\/chiesedisicilia\/news\/wp-json\/wp\/v2\/ta_other?post=1501"}],"curies":[{"name":"wp","href":"https:\/\/api.w.org\/{rel}","templated":true}]}}