{"id":1499,"date":"2013-01-31T17:58:00","date_gmt":"2013-01-31T16:58:00","guid":{"rendered":"http:\/\/wptestsite.tecnavia.com\/chiesedisicilia_clientsite\/news\/2013\/01\/31\/caltagirone-azione-cattolica-dai-luce-alla-pace\/"},"modified":"2018-11-09T11:00:34","modified_gmt":"2018-01-13T11:00:34","slug":"caltagirone-azione-cattolica-dai-luce-alla-pace","status":"publish","type":"post","link":"https:\/\/www.chiesedisicilia.org\/2013\/01\/31\/caltagirone-azione-cattolica-dai-luce-alla-pace\/","title":{"rendered":"CALTAGIRONE. AZIONE CATTOLICA: \u201cDAI LUCE ALLA PACE\u201d"},"content":{"rendered":"<div>\n<p class=\"MsoNormal\" style=\"text-align: justify; margin: 0cm 0cm 0pt; background: white\"><span style=\"font-family: 'Times New Roman','serif'; font-size: 12pt; mso-bidi-font-weight: bold; mso-fareast-font-family: 'Times New Roman'; mso-bidi-font-family: Calibri\">\u201cDai Luce alla pace\u201d<b> <\/b><\/span><span style=\"font-family: 'Times New Roman','serif'; font-size: 12pt; mso-fareast-font-family: 'Times New Roman'; mso-bidi-font-family: Calibri\">\u00e8 lo slogan scelto dall\u2019Azione Cattolica Italiana della Diocesi di Caltagirone per la Festa della Pace che si svolger\u00e0 a Scordia oggi, domenica 3 febbraio.<o:p><\/o:p><\/span><\/p>\n<p class=\"MsoNormal\" style=\"text-align: justify; margin: 0cm 0cm 0pt; background: white\"><span style=\"font-family: 'Times New Roman','serif'; font-size: 12pt; mso-fareast-font-family: 'Times New Roman'; mso-bidi-font-family: Calibri\">La giornata si aprir\u00e0\u00a0alle ore 9 con gli arrivi, l\u2019accoglienza dei partecipanti,\u00a0la preghiera iniziale e i saluti delle autorit\u00e0 presenti. Alle ore 10.30 avranno inizio le attivit\u00e0 ludico-riflessive lungo il Corso Vittorio Emanuele.<o:p><\/o:p><\/span> <span style=\"letter-spacing: -0.1pt; font-family: 'Times New Roman','serif'; font-size: 12pt; mso-fareast-font-family: 'Times New Roman'; mso-bidi-font-family: Calibri\">A mezzogiorno, presso la Parrocchia di San Rocco, \u00e8 prevista la celebrazione eucaristica che sar\u00e0 presieduta da don Gianni Zavattieri, vicario generale e assistente diocesano unitario di Aci. <\/span><span style=\"font-family: 'Times New Roman','serif'; font-size: 12pt; mso-fareast-font-family: 'Times New Roman'; mso-bidi-font-family: Calibri\">A seguire il pranzo a sacco nei locali messi a disposizione dalla Direzione didattica del\u2019Istituto Comprensivo \u201cG. Verga\u201d. Quindi i partecipanti si sposteranno, in corteo, verso il Liceo Scientifico \u201cE. Majorana\u201d, per continuare la giornata con momenti di festa, coreografie e testimonianze su ecologia e ambiente, legalit\u00e0, imprenditoria. <\/span><span style=\"font-family: 'Times New Roman','serif'; font-size: 12pt; mso-fareast-font-family: 'Times New Roman'; mso-bidi-font-family: Calibri\">Alle ore 17, dopo un momento di preghiera, \u00e8 prevista la conclusione della giornata.<o:p><\/o:p><\/span><\/p>\n<p class=\"MsoNormal\" style=\"text-align: justify; margin: 0cm 0cm 0pt; background: white\"><span style=\"letter-spacing: -0.1pt; font-family: 'Times New Roman','serif'; font-size: 12pt; mso-fareast-font-family: 'Times New Roman'; mso-bidi-font-family: Calibri\">\u201cLa Festa della Pace di quest\u2019anno contiene pi\u00f9 di qualche novit\u00e0 &#8211; afferma Margherita Marchese, presidente diocesana di Azione Cattolica &#8211; in primo luogo perch\u00e9 ritorniamo a valorizzare l\u2019intera realt\u00e0 territoriale. Ripartiamo, quindi, da Scordia per contribuire a rimettere in moto, nella nostra realt\u00e0 diocesana, il grande capitale relazionale della comunit\u00e0 ecclesiale. Abbiamo inoltre evidenziato il carattere unitario di questo evento. Tutta l\u2019Associazione \u00e8, infatti, impegnata in quella che il Papa ha chiamato la \u201cpedagogia della pace\u201d. <\/span><span style=\"font-family: 'Times New Roman','serif'; font-size: 12pt; mso-fareast-font-family: 'Times New Roman'; mso-bidi-font-family: Calibri\">Durante la mattinata, con le attivit\u00e0 ludico-riflessive sulle suggestioni offerte dal messaggio del Papa per la <\/span><span style=\"font-family: 'Times New Roman','serif'; font-size: 12pt; mso-bidi-font-family: Calibri\">XLVI Giornata Mondiale della Pace \u201cBeati gli operatori di pace<\/span><span style=\"font-family: 'Times New Roman','serif'; font-size: 12pt; mso-fareast-font-family: 'Times New Roman'; mso-bidi-font-family: Calibri\">\u201d \u2013 aggiunge &#8211; i partecipanti saranno invitati a riflettere su alcune \u201czone d\u2019ombra\u201d delle nostre citt\u00e0, per tentare percorsi possibili di cambiamento\u201d.<o:p><\/o:p><\/span><\/p>\n<p class=\"MsoNormal\" style=\"text-align: justify; margin: 0cm 0cm 0pt; background: white\"><span style=\"font-family: 'Times New Roman','serif'; font-size: 12pt; mso-fareast-font-family: 'Times New Roman'; mso-bidi-font-family: Calibri\">Sono sei i temi che verranno proposti: disoccupazione, malattia, solitudine anziani, immigrati, degrado ambientale, bullismo. Altrettanti\u00a0gli atteggiamenti: di pace &#8211; perseveranza, compassione, gratuit\u00e0, accoglienza, azione, coraggio.<o:p><\/o:p><\/span><\/p>\n<p class=\"MsoNormal\" style=\"text-align: justify; margin: 0cm 0cm 0pt; background: white\"><span style=\"font-family: 'Times New Roman','serif'; font-size: 12pt; mso-fareast-font-family: 'Times New Roman'; mso-bidi-font-family: Calibri\">\u201cLa Festa della Pace \u00e8 fra i momenti pi\u00f9 rappresentativi dell\u2019Azione Cattolica &#8211;\u00a0sono le parole di\u00a0Concetta Antenucci, responsabile diocesana Acr -. Non scendiamo in piazza contro qualcuno o contro qualcosa, ma testimoniamo\u00a0con la festa, il gioco, gli incontri, il dibattito, la riflessione\u00a0e tutti quei modi tipici della nostra associazione,\u00a0l\u2019impegno per una cultura della pace e dell\u2019amore. Tutto questo a partire dalla capacit\u00e0 di immaginare, nel nostro piccolo mondo quotidiano, relazioni pi\u00f9 accoglienti, libere, fraterne, creative\u201d.<o:p><\/o:p><\/span><\/p>\n<p class=\"MsoNormal\" style=\"text-align: justify; margin: 0cm 0cm 0pt; background: white\"><span style=\"font-family: 'Times New Roman','serif'; font-size: 12pt; mso-fareast-font-family: 'Times New Roman'; mso-bidi-font-family: Calibri\">Come ogni anno l\u2019equipe nazionale dell\u2019Acr ha proposto, inoltre, un\u2019iniziativa di pace. Il progetto, per il 2013, <\/span><span style=\"font-family: 'Times New Roman','serif'; font-size: 12pt; mso-bidi-font-family: Calibri\">prevede <\/span><span style=\"font-family: 'Times New Roman','serif'; font-size: 12pt; mso-fareast-font-family: 'Times New Roman'; mso-bidi-font-family: Calibri\">il sostegno delle attivit\u00e0, rivolte ai bambini di strada di Alessandria d\u2019Egitto, portate avanti da fratel Atef Soubhi, padre gesuita che qualche anno fa ha scelto di dedicarsi a questi bambini, coinvolgendoli in un progetto teatrale con finalit\u00e0 pedagogiche. Il percorso di crescita proposto da fratel Atef e dal suo gruppo, denominato \u201cArt &#038; Life\u201d, pone il teatro e l\u2019arte a servizio della vita con lo scopo di migliorarla.<o:p><\/o:p><\/span><\/p>\n<p class=\"MsoNormal\" style=\"text-align: justify; margin: 0cm 0cm 0pt; background: white\"><span style=\"font-family: 'Times New Roman','serif'; font-size: 12pt; mso-fareast-font-family: 'Times New Roman'; mso-bidi-font-family: Calibri\">Trattandosi di un programma complesso i responsabili nazionali dell\u2019ACR, hanno deciso di finanziarlo per tre anni consecutivi.<o:p><\/o:p><\/span><\/p>\n<p class=\"MsoNormal\" style=\"text-align: justify; margin: 0cm 0cm 6pt; background: white\"><span style=\"font-family: 'Times New Roman','serif'; font-size: 12pt; mso-fareast-font-family: 'Times New Roman'; mso-bidi-font-family: Calibri\">Quest\u2019anno il progetto verr\u00e0 sostenuto con la vendita di un simpatico gadget &#8211; una pila da libro &#8211; che si potr\u00e0 acquistare nel corso della giornata. [01]<o:p><\/o:p><\/span><\/p>\n<\/div>\n","protected":false},"excerpt":{"rendered":"","protected":false},"author":1,"featured_media":0,"comment_status":"open","ping_status":"open","sticky":false,"template":"","format":"standard","meta":[],"categories":[30],"tags":[],"news-destination":[],"news-source":[],"is_homepage":[],"ta_other":[],"_links":{"self":[{"href":"https:\/\/www.chiesedisicilia.org\/chiesedisicilia\/news\/wp-json\/wp\/v2\/posts\/1499"}],"collection":[{"href":"https:\/\/www.chiesedisicilia.org\/chiesedisicilia\/news\/wp-json\/wp\/v2\/posts"}],"about":[{"href":"https:\/\/www.chiesedisicilia.org\/chiesedisicilia\/news\/wp-json\/wp\/v2\/types\/post"}],"author":[{"embeddable":true,"href":"https:\/\/www.chiesedisicilia.org\/chiesedisicilia\/news\/wp-json\/wp\/v2\/users\/1"}],"replies":[{"embeddable":true,"href":"https:\/\/www.chiesedisicilia.org\/chiesedisicilia\/news\/wp-json\/wp\/v2\/comments?post=1499"}],"version-history":[{"count":1,"href":"https:\/\/www.chiesedisicilia.org\/chiesedisicilia\/news\/wp-json\/wp\/v2\/posts\/1499\/revisions"}],"predecessor-version":[{"id":19981,"href":"https:\/\/www.chiesedisicilia.org\/chiesedisicilia\/news\/wp-json\/wp\/v2\/posts\/1499\/revisions\/19981"}],"wp:attachment":[{"href":"https:\/\/www.chiesedisicilia.org\/chiesedisicilia\/news\/wp-json\/wp\/v2\/media?parent=1499"}],"wp:term":[{"taxonomy":"category","embeddable":true,"href":"https:\/\/www.chiesedisicilia.org\/chiesedisicilia\/news\/wp-json\/wp\/v2\/categories?post=1499"},{"taxonomy":"post_tag","embeddable":true,"href":"https:\/\/www.chiesedisicilia.org\/chiesedisicilia\/news\/wp-json\/wp\/v2\/tags?post=1499"},{"taxonomy":"news-destination","embeddable":true,"href":"https:\/\/www.chiesedisicilia.org\/chiesedisicilia\/news\/wp-json\/wp\/v2\/news-destination?post=1499"},{"taxonomy":"news-source","embeddable":true,"href":"https:\/\/www.chiesedisicilia.org\/chiesedisicilia\/news\/wp-json\/wp\/v2\/news-source?post=1499"},{"taxonomy":"is_homepage","embeddable":true,"href":"https:\/\/www.chiesedisicilia.org\/chiesedisicilia\/news\/wp-json\/wp\/v2\/is_homepage?post=1499"},{"taxonomy":"ta_other","embeddable":true,"href":"https:\/\/www.chiesedisicilia.org\/chiesedisicilia\/news\/wp-json\/wp\/v2\/ta_other?post=1499"}],"curies":[{"name":"wp","href":"https:\/\/api.w.org\/{rel}","templated":true}]}}