{"id":1497,"date":"2013-01-24T19:08:00","date_gmt":"2013-01-24T18:08:00","guid":{"rendered":"http:\/\/wptestsite.tecnavia.com\/chiesedisicilia_clientsite\/news\/2013\/01\/24\/caltagirone-il-vescovo-calogero-peri-approda-su-twitter\/"},"modified":"2018-11-09T11:00:34","modified_gmt":"2018-01-13T11:00:34","slug":"caltagirone-il-vescovo-calogero-peri-approda-su-twitter","status":"publish","type":"post","link":"https:\/\/www.chiesedisicilia.org\/2013\/01\/24\/caltagirone-il-vescovo-calogero-peri-approda-su-twitter\/","title":{"rendered":"CALTAGIRONE. IL VESCOVO CALOGERO PERI APPRODA SU TWITTER"},"content":{"rendered":"<div>\n<p class=\"MsoNormal\" style=\"text-align: justify; margin: 0cm 0cm 0pt; mso-outline-level: 2\"><span style=\"font-family: 'Times New Roman','serif'; font-size: 12pt; mso-fareast-font-family: 'Times New Roman'; mso-bidi-font-family: Calibri\">Il vescovo di Caltagirone approda su twitter. E\u2019 previsto oggi, memoria di liturgica di San Francesco di Sales, patrono dei giornalisti e degli operatori della comunicazione, il primo tweet del Pastore della Chiesa calatina, mons. Calogero Peri. \u201cNon si tratta dell\u2019inaugurazione di un profilo personale, ma del miglioramento e del potenziamento dell\u2019account diocesano @DiocesiCaltagir\u201d, spiega Massimiliano Cappellano, direttore dell\u2019Ufficio diocesano per le Comunicazioni sociali, il quale specifica che \u201cl<\/span><span class=\"st1\"><span style=\"font-family: 'Times New Roman','serif'; font-size: 12pt; mso-bidi-font-family: Calibri\">\u2019account sar\u00e0 coordinato dall\u2019Ufficio e si propone come luogo di incontro e di riflessione, attraverso l\u2019adozione di uno stile comunicativo personale, trasparente, immediato, aperto al dialogo e alla reciprocit\u00e0\u201d. \u201cLe reti di comunicazione sociale si impongono alla nostra attenzione nella complessit\u00e0 che rappresentano e conducono &#8211; afferma il vescovo, mons. Peri \u2013 ed \u00e8 qui che si gioca la sfida: occorre, infatti, sostenere il miglioramento delle opportunit\u00e0 tecniche di comunicazione, senza mai mettere in discussione la centralit\u00e0 della relazione, della parola, dell\u2019ascolto, della cura e di tutte quelle espressioni che possiamo definire proprie della comunicazione umana\u201d. Con la valorizzazione dell\u2019account <\/span><\/span><span style=\"font-family: 'Times New Roman','serif'; font-size: 12pt; mso-fareast-font-family: 'Times New Roman'; mso-bidi-font-family: Calibri\">@DiocesiCaltagir, s<\/span><span class=\"st1\"><span style=\"font-family: 'Times New Roman','serif'; font-size: 12pt; mso-bidi-font-family: Calibri\">i arricchisce su internet <\/span><\/span><span style=\"font-family: 'Times New Roman','serif'; font-size: 12pt; mso-fareast-font-family: 'Times New Roman'; mso-bidi-font-family: Calibri\">la rete comunicativa della Diocesi di Caltagirone. Sono stati recentemente aggiornati il sito internet <\/span><a href=\"http:\/\/www.diocesidicaltagirone.it\/\"><span style=\"font-family: 'Times New Roman','serif'; font-size: 12pt; mso-fareast-font-family: 'Times New Roman'; mso-bidi-font-family: Calibri\"><font color=\"#0000ff\">www.diocesidicaltagirone.it<\/font><\/span><\/a><span style=\"font-family: 'Times New Roman','serif'; font-size: 12pt; mso-fareast-font-family: 'Times New Roman'; mso-bidi-font-family: Calibri\"> e la fanpage di facebook. Numerose, inoltre, le attivit\u00e0 in cantiere: dalla formazione degli operatori, alla creazione di un media diocesano. \u201cGli obiettivi dell\u2019Ufficio diocesano di Comunicazioni sociali non sono certo la propaganda o l\u2019immagine \u2013 continua Cappellano &#8211; ma innanzitutto il sostegno delle relazioni; la promozione di occasioni di discernimento comunitario; la difesa di una corretta informazione; la valorizzazione della creativit\u00e0 e dell\u2019impegno pastorale vissuto nelle nostre parrocchie, negli Uffici pastorali, negli Istituti culturali; la diffusione di una cultura della comunicazione che trovi in Ges\u00f9 il modello autentico\u201d. [01]<o:p><\/o:p><\/span><\/p>\n<\/div>\n","protected":false},"excerpt":{"rendered":"","protected":false},"author":1,"featured_media":0,"comment_status":"open","ping_status":"open","sticky":false,"template":"","format":"standard","meta":[],"categories":[30],"tags":[],"news-destination":[],"news-source":[],"is_homepage":[],"ta_other":[],"_links":{"self":[{"href":"https:\/\/www.chiesedisicilia.org\/chiesedisicilia\/news\/wp-json\/wp\/v2\/posts\/1497"}],"collection":[{"href":"https:\/\/www.chiesedisicilia.org\/chiesedisicilia\/news\/wp-json\/wp\/v2\/posts"}],"about":[{"href":"https:\/\/www.chiesedisicilia.org\/chiesedisicilia\/news\/wp-json\/wp\/v2\/types\/post"}],"author":[{"embeddable":true,"href":"https:\/\/www.chiesedisicilia.org\/chiesedisicilia\/news\/wp-json\/wp\/v2\/users\/1"}],"replies":[{"embeddable":true,"href":"https:\/\/www.chiesedisicilia.org\/chiesedisicilia\/news\/wp-json\/wp\/v2\/comments?post=1497"}],"version-history":[{"count":1,"href":"https:\/\/www.chiesedisicilia.org\/chiesedisicilia\/news\/wp-json\/wp\/v2\/posts\/1497\/revisions"}],"predecessor-version":[{"id":19981,"href":"https:\/\/www.chiesedisicilia.org\/chiesedisicilia\/news\/wp-json\/wp\/v2\/posts\/1497\/revisions\/19981"}],"wp:attachment":[{"href":"https:\/\/www.chiesedisicilia.org\/chiesedisicilia\/news\/wp-json\/wp\/v2\/media?parent=1497"}],"wp:term":[{"taxonomy":"category","embeddable":true,"href":"https:\/\/www.chiesedisicilia.org\/chiesedisicilia\/news\/wp-json\/wp\/v2\/categories?post=1497"},{"taxonomy":"post_tag","embeddable":true,"href":"https:\/\/www.chiesedisicilia.org\/chiesedisicilia\/news\/wp-json\/wp\/v2\/tags?post=1497"},{"taxonomy":"news-destination","embeddable":true,"href":"https:\/\/www.chiesedisicilia.org\/chiesedisicilia\/news\/wp-json\/wp\/v2\/news-destination?post=1497"},{"taxonomy":"news-source","embeddable":true,"href":"https:\/\/www.chiesedisicilia.org\/chiesedisicilia\/news\/wp-json\/wp\/v2\/news-source?post=1497"},{"taxonomy":"is_homepage","embeddable":true,"href":"https:\/\/www.chiesedisicilia.org\/chiesedisicilia\/news\/wp-json\/wp\/v2\/is_homepage?post=1497"},{"taxonomy":"ta_other","embeddable":true,"href":"https:\/\/www.chiesedisicilia.org\/chiesedisicilia\/news\/wp-json\/wp\/v2\/ta_other?post=1497"}],"curies":[{"name":"wp","href":"https:\/\/api.w.org\/{rel}","templated":true}]}}