{"id":1496,"date":"2013-01-18T14:51:00","date_gmt":"2013-01-18T13:51:00","guid":{"rendered":"http:\/\/wptestsite.tecnavia.com\/chiesedisicilia_clientsite\/news\/2013\/01\/18\/caltagirone-giornata-diocesana-per-il-seminario\/"},"modified":"2018-11-09T11:00:34","modified_gmt":"2018-01-13T11:00:34","slug":"caltagirone-giornata-diocesana-per-il-seminario","status":"publish","type":"post","link":"https:\/\/www.chiesedisicilia.org\/2013\/01\/18\/caltagirone-giornata-diocesana-per-il-seminario\/","title":{"rendered":"CALTAGIRONE. GIORNATA DIOCESANA PER IL SEMINARIO"},"content":{"rendered":"<div>\n<p class=\"MsoNormal\" style=\"margin: 0cm 0cm 0pt\"><span style=\"font-family: 'Times New Roman','serif'; font-size: 12pt\">Sar\u00e0 celebrata oggi, domenica 20 gennaio, l\u2019annuale Giornata diocesana per il Seminario. Scopo dell\u2019evento \u00e8 la sensibilizzazione della comunit\u00e0 diocesana alla promozione e al sostegno del Seminario vescovile. Nel suo messaggio per l\u2019occasione mons. Calogero Peri, Vescovo di Caltagirone, definisce il Seminario \u201csegno evidente e concreto che Dio, nostro Padre, padrone attento della messe, continua a prendersi cura della nostra Chiesa Calatina, mandando operai che vi lavorino con passione e competenza\u201d. In atto sono 14 i seminaristi che stanno vivendo il loro percorso di discernimento vocazionale e di preparazione al Sacerdozio. L\u2019equipe formativa \u00e8 guidata dal rettore mons. Umberto Pedi, ed \u00e8 composta dal vice direttore\u00a0don Giovanni Dimartino, da\u00a0don Gianni Zavattieri,\u00a0direttore spirituale, e dal diacono Gaetano Caruso che ricopre l&#8217;incarico di economo.<o:p><\/o:p><\/span><\/p>\n<p class=\"MsoNormal\" style=\"margin: 0cm 0cm 0pt\"><span style=\"font-family: 'Times New Roman','serif'; font-size: 12pt\">\u201cNel Seminario &#8211; aggiunge mons. Peri nel messaggio &#8211; si pongono le premesse di quello che sar\u00e0, nel futuro, il volto della nostra Comunit\u00e0 diocesana. Nel Seminario si prepara il rinnovamento della nostra fede, si prepara quello che tutti speriamo: che la Chiesa, la nostra Chiesa, risplenda, nel mondo, della luce dell\u2019amore\u201d. Nel corso del 2012 sono stati due gli alunni del Seminario a essere ordinati sacerdoti, don Dario Curcio e don Rocco Todero. \u00c8 stato inoltre ordinato un diacono, don Salvo Luca, che ricever\u00e0, nei prossimi mesi, il sacramento dell\u2019Ordine.<o:p><\/o:p><\/span><\/p>\n<p class=\"MsoNormal\" style=\"margin: 0cm 0cm 0pt\"><span style=\"font-family: 'Times New Roman','serif'; font-size: 12pt\">Ogni anno la comunit\u00e0 del Seminario organizza, in collaborazione con il Centro diocesano vocazioni, degli incontri vocazionali per i giovani che hanno sensibilit\u00e0 e disponibilit\u00e0 a seguire un cammino di orientamento e di discernimento al sacerdozio. Sono diversi i modi per poter sostenere il Seminario in questa sua missione: con la preghiera e con la vita sacramentale; con l\u2019annuncio della Parola e con l\u2019educazione alla fede; con la guida e la testimonianza della carit\u00e0.<o:p><\/o:p><\/span><\/p>\n<p class=\"MsoNormal\" style=\"margin: 0cm 0cm 0pt\"><span style=\"font-family: 'Times New Roman','serif'; font-size: 12pt\">Fra le iniziative specifiche \u00e8 possibile, ad esempio, sottoscrivere l\u2019abbonamento al periodico Pagina del Seminario, per essere informati dell\u2019andamento e della vita dei nostri seminaristi; oppure adottare un seminarista nel suo periodo di formazione contribuendo al pagamento totale o parziale della retta annuale o mensile, o all\u2019acquisto dei libri di testo del Corso di Teologia, o delle tasse scolastiche all\u2019Istituto Teologico \u201cSan Paolo\u201d di Catania.<o:p><\/o:p><\/span><\/p>\n<p class=\"MsoNormal\" style=\"margin: 0cm 0cm 0pt\"><span style=\"font-family: 'Times New Roman','serif'; font-size: 12pt\">\u201cRivolgo in particolare l\u2019invito \u2013 dice il rettore, mons. Pedi &#8211; a partecipare attivamente alle iniziative promosse in Diocesi e in Parrocchia a favore del Seminario e delle vocazioni sacerdotali, affinch\u00e9 il Seminario sia sempre pi\u00f9 al centro della preghiera, della sollecitudine e della solidariet\u00e0 della comunit\u00e0 dei fedeli\u201d. [01]<o:p><\/o:p><\/span><\/p>\n<\/div>\n","protected":false},"excerpt":{"rendered":"","protected":false},"author":1,"featured_media":0,"comment_status":"open","ping_status":"open","sticky":false,"template":"","format":"standard","meta":[],"categories":[30],"tags":[],"news-destination":[],"news-source":[],"is_homepage":[],"ta_other":[],"_links":{"self":[{"href":"https:\/\/www.chiesedisicilia.org\/chiesedisicilia\/news\/wp-json\/wp\/v2\/posts\/1496"}],"collection":[{"href":"https:\/\/www.chiesedisicilia.org\/chiesedisicilia\/news\/wp-json\/wp\/v2\/posts"}],"about":[{"href":"https:\/\/www.chiesedisicilia.org\/chiesedisicilia\/news\/wp-json\/wp\/v2\/types\/post"}],"author":[{"embeddable":true,"href":"https:\/\/www.chiesedisicilia.org\/chiesedisicilia\/news\/wp-json\/wp\/v2\/users\/1"}],"replies":[{"embeddable":true,"href":"https:\/\/www.chiesedisicilia.org\/chiesedisicilia\/news\/wp-json\/wp\/v2\/comments?post=1496"}],"version-history":[{"count":1,"href":"https:\/\/www.chiesedisicilia.org\/chiesedisicilia\/news\/wp-json\/wp\/v2\/posts\/1496\/revisions"}],"predecessor-version":[{"id":19980,"href":"https:\/\/www.chiesedisicilia.org\/chiesedisicilia\/news\/wp-json\/wp\/v2\/posts\/1496\/revisions\/19980"}],"wp:attachment":[{"href":"https:\/\/www.chiesedisicilia.org\/chiesedisicilia\/news\/wp-json\/wp\/v2\/media?parent=1496"}],"wp:term":[{"taxonomy":"category","embeddable":true,"href":"https:\/\/www.chiesedisicilia.org\/chiesedisicilia\/news\/wp-json\/wp\/v2\/categories?post=1496"},{"taxonomy":"post_tag","embeddable":true,"href":"https:\/\/www.chiesedisicilia.org\/chiesedisicilia\/news\/wp-json\/wp\/v2\/tags?post=1496"},{"taxonomy":"news-destination","embeddable":true,"href":"https:\/\/www.chiesedisicilia.org\/chiesedisicilia\/news\/wp-json\/wp\/v2\/news-destination?post=1496"},{"taxonomy":"news-source","embeddable":true,"href":"https:\/\/www.chiesedisicilia.org\/chiesedisicilia\/news\/wp-json\/wp\/v2\/news-source?post=1496"},{"taxonomy":"is_homepage","embeddable":true,"href":"https:\/\/www.chiesedisicilia.org\/chiesedisicilia\/news\/wp-json\/wp\/v2\/is_homepage?post=1496"},{"taxonomy":"ta_other","embeddable":true,"href":"https:\/\/www.chiesedisicilia.org\/chiesedisicilia\/news\/wp-json\/wp\/v2\/ta_other?post=1496"}],"curies":[{"name":"wp","href":"https:\/\/api.w.org\/{rel}","templated":true}]}}