{"id":1495,"date":"2013-01-03T12:04:00","date_gmt":"2013-01-03T11:04:00","guid":{"rendered":"http:\/\/wptestsite.tecnavia.com\/chiesedisicilia_clientsite\/news\/2013\/01\/03\/caltagirone-un-anno-sotto-lo-sguardo-di-maria\/"},"modified":"2018-11-09T11:00:34","modified_gmt":"2018-01-13T11:00:34","slug":"caltagirone-un-anno-sotto-lo-sguardo-di-maria","status":"publish","type":"post","link":"https:\/\/www.chiesedisicilia.org\/2013\/01\/03\/caltagirone-un-anno-sotto-lo-sguardo-di-maria\/","title":{"rendered":"CALTAGIRONE. \u201cUN ANNO\u2026 SOTTO LO SGUARDO DI MARIA\u201d"},"content":{"rendered":"<div>\n<p class=\"MsoNoSpacing\" style=\"margin: auto 0cm\">\u201cPer vivere la fede come Maria\u201d \u00e8 il titolo del momento di preghiera per il nuovo anno, organizzato e promosso dal Santuario diocesano Maria SS. del Ponte e dal Centro diocesano vocazioni.\u00a0L&#8217;appuntamento si svolger\u00e0 alle ore 1.30 del 1 gennaio, presso il medesimo Santuario mariano diocesano. \u201cOgni anno &#8211; spiega don Francesco Di Stefano, direttore del CDV &#8211; ci ritroviamo nella notte di Capodanno, nel clima liturgico della Solennit\u00e0 della divina maternit\u00e0 di Maria, per affidare al Signore il nuovo anno, nella continua ricerca della nostra vocazione\u201d. L\u2019Incontro di preghiera d\u2019inizio anno, rappresenta ormai una tradizione da quattro anni a questa parte e si conferma nella sensibilit\u00e0 dei fedeli. Cos\u00ec come con il canto del Te deum si ringrazia Dio, Signore della storia, per l\u2019anno trascorso, l\u2019Incontro di preghiera si propone come un\u2019introduzione al tempo che si vivr\u00e0, sotto lo sguardo di Maria&#8221;.<\/p>\n<p class=\"MsoNoSpacing\" style=\"margin: auto 0cm\">\u201cIl Santuario di Maria SS. del Ponte &#8211; afferma il rettore don Davide Paglia &#8211; si ripropone come cenacolo di preghiera e di spiritualit\u00e0. Nell\u2019Anno della Fede vogliamo essere presenza viva e di servizio per la citt\u00e0 degli uomini, in un momento, come quello che stiamo vivendo, che richiede oggi un di pi\u00f9 di umanit\u00e0, di speranza e di fiducia. In questo senso la fede \u00e8 un valore aggiunto e non una semplicistica via di fuga\u201d. [01]<span style=\"mso-fareast-font-family: Calibri; mso-fareast-language: EN-US\"><o:p><\/o:p><\/span><\/p>\n<\/div>\n","protected":false},"excerpt":{"rendered":"","protected":false},"author":1,"featured_media":0,"comment_status":"open","ping_status":"open","sticky":false,"template":"","format":"standard","meta":[],"categories":[30],"tags":[],"news-destination":[],"news-source":[],"is_homepage":[],"ta_other":[],"_links":{"self":[{"href":"https:\/\/www.chiesedisicilia.org\/chiesedisicilia\/news\/wp-json\/wp\/v2\/posts\/1495"}],"collection":[{"href":"https:\/\/www.chiesedisicilia.org\/chiesedisicilia\/news\/wp-json\/wp\/v2\/posts"}],"about":[{"href":"https:\/\/www.chiesedisicilia.org\/chiesedisicilia\/news\/wp-json\/wp\/v2\/types\/post"}],"author":[{"embeddable":true,"href":"https:\/\/www.chiesedisicilia.org\/chiesedisicilia\/news\/wp-json\/wp\/v2\/users\/1"}],"replies":[{"embeddable":true,"href":"https:\/\/www.chiesedisicilia.org\/chiesedisicilia\/news\/wp-json\/wp\/v2\/comments?post=1495"}],"version-history":[{"count":1,"href":"https:\/\/www.chiesedisicilia.org\/chiesedisicilia\/news\/wp-json\/wp\/v2\/posts\/1495\/revisions"}],"predecessor-version":[{"id":19979,"href":"https:\/\/www.chiesedisicilia.org\/chiesedisicilia\/news\/wp-json\/wp\/v2\/posts\/1495\/revisions\/19979"}],"wp:attachment":[{"href":"https:\/\/www.chiesedisicilia.org\/chiesedisicilia\/news\/wp-json\/wp\/v2\/media?parent=1495"}],"wp:term":[{"taxonomy":"category","embeddable":true,"href":"https:\/\/www.chiesedisicilia.org\/chiesedisicilia\/news\/wp-json\/wp\/v2\/categories?post=1495"},{"taxonomy":"post_tag","embeddable":true,"href":"https:\/\/www.chiesedisicilia.org\/chiesedisicilia\/news\/wp-json\/wp\/v2\/tags?post=1495"},{"taxonomy":"news-destination","embeddable":true,"href":"https:\/\/www.chiesedisicilia.org\/chiesedisicilia\/news\/wp-json\/wp\/v2\/news-destination?post=1495"},{"taxonomy":"news-source","embeddable":true,"href":"https:\/\/www.chiesedisicilia.org\/chiesedisicilia\/news\/wp-json\/wp\/v2\/news-source?post=1495"},{"taxonomy":"is_homepage","embeddable":true,"href":"https:\/\/www.chiesedisicilia.org\/chiesedisicilia\/news\/wp-json\/wp\/v2\/is_homepage?post=1495"},{"taxonomy":"ta_other","embeddable":true,"href":"https:\/\/www.chiesedisicilia.org\/chiesedisicilia\/news\/wp-json\/wp\/v2\/ta_other?post=1495"}],"curies":[{"name":"wp","href":"https:\/\/api.w.org\/{rel}","templated":true}]}}