{"id":1493,"date":"2012-12-18T11:03:00","date_gmt":"2012-12-18T10:03:00","guid":{"rendered":"http:\/\/wptestsite.tecnavia.com\/chiesedisicilia_clientsite\/news\/2012\/12\/18\/caltagirone-famiglia-incotro-diocesano-con-mons-crociata\/"},"modified":"2018-11-09T11:00:34","modified_gmt":"2018-01-13T11:00:34","slug":"caltagirone-famiglia-incotro-diocesano-con-mons-crociata","status":"publish","type":"post","link":"https:\/\/www.chiesedisicilia.org\/2012\/12\/18\/caltagirone-famiglia-incotro-diocesano-con-mons-crociata\/","title":{"rendered":"CALTAGIRONE. FAMIGLIA: INCOTRO DIOCESANO CON MONS. CROCIATA"},"content":{"rendered":"<div>\n<p class=\"MsoNormal\" style=\"margin: 0cm 0cm 0pt\"><span style=\"font-family: 'Times New Roman','serif'; font-size: 12pt\">Si celebrer\u00e0 oggi, venerd\u00ec 28 dicembre, presso la Parrocchia Madonna della Via, a Caltagirone, l\u2019Incontro diocesano delle Famiglie per festeggiare insieme la Sacra Famiglia. Sar\u00e0 mons. Mariano Crociata, Segretario generale della Cei, a guidare la riflessione, incentrata sul tema: \u201cS. Giuseppe custode del Redentore\u201d. <span style=\"mso-spacerun: yes\">\u00a0<\/span>\u201cRiteniamo che questa sia un\u2019occasione importantissima, da non perdere, da sponsorizzare nelle parrocchie \u2013 si legge in una nota dell\u2019Ufficio per la Pastorale familiare &#8211; affinch\u00e9 in molti, e soprattutto le famiglie, possano avere la gioia di ascoltare mons. Crociata che ci aiuter\u00e0 a riflettere sulla paternit\u00e0 che oggi pi\u00f9 che mai esige di essere riscoperta e valorizzata nel processo educativo delle nuove generazioni\u201d. Il pomeriggio avr\u00e0 inizio alle 17:30, e prevede, alle 18, la celebrazione della messa. Alle 19 la meditazione guidata da mons. Mariano Crociata. A chiudere, a partire dalle 20, un\u2019agape fraterna. All\u2019evento prenderanno parte anche\u00a0i componenti della Commissione dell\u2019Ufficio regionale per la Famiglia della Conferenza Episcopale Siciliana, che si ritroveranno gi\u00e0 in mattina a Caltagirone, convocati dai Direttori regionali, don Antonio Carcanella e Lorena e Pino Busacca, e del Vescovo delegato Cesi, mons. Calogero Peri. [01]<o:p><\/o:p><\/span><\/p>\n<\/div>\n","protected":false},"excerpt":{"rendered":"","protected":false},"author":1,"featured_media":0,"comment_status":"open","ping_status":"open","sticky":false,"template":"","format":"standard","meta":[],"categories":[30],"tags":[],"news-destination":[],"news-source":[],"is_homepage":[],"ta_other":[],"_links":{"self":[{"href":"https:\/\/www.chiesedisicilia.org\/chiesedisicilia\/news\/wp-json\/wp\/v2\/posts\/1493"}],"collection":[{"href":"https:\/\/www.chiesedisicilia.org\/chiesedisicilia\/news\/wp-json\/wp\/v2\/posts"}],"about":[{"href":"https:\/\/www.chiesedisicilia.org\/chiesedisicilia\/news\/wp-json\/wp\/v2\/types\/post"}],"author":[{"embeddable":true,"href":"https:\/\/www.chiesedisicilia.org\/chiesedisicilia\/news\/wp-json\/wp\/v2\/users\/1"}],"replies":[{"embeddable":true,"href":"https:\/\/www.chiesedisicilia.org\/chiesedisicilia\/news\/wp-json\/wp\/v2\/comments?post=1493"}],"version-history":[{"count":1,"href":"https:\/\/www.chiesedisicilia.org\/chiesedisicilia\/news\/wp-json\/wp\/v2\/posts\/1493\/revisions"}],"predecessor-version":[{"id":19974,"href":"https:\/\/www.chiesedisicilia.org\/chiesedisicilia\/news\/wp-json\/wp\/v2\/posts\/1493\/revisions\/19974"}],"wp:attachment":[{"href":"https:\/\/www.chiesedisicilia.org\/chiesedisicilia\/news\/wp-json\/wp\/v2\/media?parent=1493"}],"wp:term":[{"taxonomy":"category","embeddable":true,"href":"https:\/\/www.chiesedisicilia.org\/chiesedisicilia\/news\/wp-json\/wp\/v2\/categories?post=1493"},{"taxonomy":"post_tag","embeddable":true,"href":"https:\/\/www.chiesedisicilia.org\/chiesedisicilia\/news\/wp-json\/wp\/v2\/tags?post=1493"},{"taxonomy":"news-destination","embeddable":true,"href":"https:\/\/www.chiesedisicilia.org\/chiesedisicilia\/news\/wp-json\/wp\/v2\/news-destination?post=1493"},{"taxonomy":"news-source","embeddable":true,"href":"https:\/\/www.chiesedisicilia.org\/chiesedisicilia\/news\/wp-json\/wp\/v2\/news-source?post=1493"},{"taxonomy":"is_homepage","embeddable":true,"href":"https:\/\/www.chiesedisicilia.org\/chiesedisicilia\/news\/wp-json\/wp\/v2\/is_homepage?post=1493"},{"taxonomy":"ta_other","embeddable":true,"href":"https:\/\/www.chiesedisicilia.org\/chiesedisicilia\/news\/wp-json\/wp\/v2\/ta_other?post=1493"}],"curies":[{"name":"wp","href":"https:\/\/api.w.org\/{rel}","templated":true}]}}