{"id":14855,"date":"2022-02-12T09:29:50","date_gmt":"2022-02-12T08:29:50","guid":{"rendered":"http:\/\/www-chiesedisicilia-org-euwp*.sitenm.com\/?p=14855"},"modified":"2022-02-22T10:03:23","modified_gmt":"2021-04-28T10:03:23","slug":"sinodo-e-parrocchia-corso-formativo-per-il-clero","status":"publish","type":"post","link":"https:\/\/www.chiesedisicilia.org\/2022\/02\/12\/sinodo-e-parrocchia-corso-formativo-per-il-clero\/","title":{"rendered":"SINODO E PARROCCHIA: CORSO FORMATIVO PER IL CLERO"},"content":{"rendered":"<p>&#8220;La sinodalit\u00e0 nella vita della parrocchia&#8221; \u00e8 il tema del Percorso formativo organizzato dal Centro &#8220;Madre del Buon Pastore&#8221; che, per conto della Conferenza episcopale siciliana, si occupa della formazione permanente del clero.<\/p>\n<p>L&#8217;appuntamento, ormai annuale, si terr\u00e0 dal 21 al 24 febbraio prossimi. Si propone di accompagnare sostenere i presbiteri &#8220;<i>a non confondere l\u2019efficacia apostolica con l\u2019efficienza manageriale<\/i>&#8220;:\u00a0seguendo le indicazioni del Pontefice, si cercher\u00e0 di imparare ad &#8220;<i>affrontare tale impegno come esercizio di una responsabilit\u00e0 pastorale, da vivere con sobriet\u00e0 ed essenzialit\u00e0<\/i>&#8220;.<\/p>\n<p>Al corso prenderanno parte gli allievi del sesto anno di Teologia, e poi diaconi e presbiteri ordinati recentemente, vicari pastorali, neoparroci. La frequenza \u00e8 aperta anche a quanti esercitano il ministero pastorale parrocale da diversi anni.<\/p>\n<p>Come spiega <b>don Calogero Cerami, direttore del Centro &#8220;Madre del Buon Pastore&#8221;<\/b>, il\u00a0percorso formativo &#8220;<i>intende approfondire il tema della parrocchia la luce dell\u2019Istruzione della Congregazione del Clero: &#8216;La conversione pastorale della comunit\u00e0 parrocchiale al servizio della missione evangelizzatrice della Chiesa&#8217;, pubblicata il 29 giugno 2020, e del documento della Commissione teologica internazionale &#8216;La Sinodalit\u00e0 nella vita e nella missione della Chiesa&#8217;, del 2018<\/i>&#8220;.<\/p>\n<p>Nel corso dell\u2018appuntamento si approfondiranno temi quali: &#8220;<i>La spiritualit\u00e0 della comunione e la formazione alla vita sinodale della parrocchia<\/i>&#8220;; &#8220;<i>La sinodalit\u00e0 e la diaconia sociale nella parrocchia<\/i>&#8220;; \u00a0&#8220;<i>L\u2019ascolto e il dialogo per il discernimento comunitario<\/i>&#8220;, &#8220;<i>Il consiglio pastorale parrocchiale e il consiglio per gli affari economici<\/i>&#8220;; &#8220;<i>Il cammino sinodale del popolo di Dio pellegrino e missionario<\/i>&#8220;. Attenzione anche alla &#8220;<i>cura sinodale del patrimonio: strumenti per la missione della Chiesa<\/i>&#8220;. Ci sar\u00e0 tempo e modo anche di &#8220;leggere teologicamente&#8221; i mosaici di Marko Rupnik della chiesa Madonna della via e di visitare il mausoleo Don Sturzo: il corso si terr\u00e0 infatti a Caltagirone, presso l\u2019hotel Villa\u00a0Sturzo.<\/p>\n<p>A curare gli interventi saranno: <b>mons. Calogero Peri<\/b>, vescovo di Caltagirone e delegato CESi per i Beni Culturali ecclesiastici e l\u2019Edilizia di culto, e <b>mons. Giuseppe Marciante<\/b>, vescovo di Cefal\u00f9 e delegato CESi per i Problemi sociali e il Lavoro, la Giustizia, la Pace e la Salvaguardia del creato; <b>don Fabio Raimondi,<\/b> direttore regionale dell\u2019ufficio per i Beni Culturali e l\u2019edilizia di culto; <b>don Francesco Brancato<\/b>, dello Studio teologico San Paolo di Catania, e don\u00a0Paolo La Terra, cancelliere della diocesi di Ragusa. E ancora: <b>don Baldo Reina<\/b>, rettore del seminario arcivescovile di Agrigento, <b>don Antonio Parisi<\/b>, della Pontificia facolt\u00e0 teologica di Sicilia, e <b>Paolo Failla<\/b>, direttore della biblioteca diocesana.<\/p>\n","protected":false},"excerpt":{"rendered":"","protected":false},"author":4,"featured_media":9092,"comment_status":"closed","ping_status":"closed","sticky":false,"template":"","format":"standard","meta":[],"categories":[7],"tags":[],"news-destination":[],"news-source":[],"is_homepage":[],"ta_other":[],"_links":{"self":[{"href":"https:\/\/www.chiesedisicilia.org\/chiesedisicilia\/news\/wp-json\/wp\/v2\/posts\/14855"}],"collection":[{"href":"https:\/\/www.chiesedisicilia.org\/chiesedisicilia\/news\/wp-json\/wp\/v2\/posts"}],"about":[{"href":"https:\/\/www.chiesedisicilia.org\/chiesedisicilia\/news\/wp-json\/wp\/v2\/types\/post"}],"author":[{"embeddable":true,"href":"https:\/\/www.chiesedisicilia.org\/chiesedisicilia\/news\/wp-json\/wp\/v2\/users\/4"}],"replies":[{"embeddable":true,"href":"https:\/\/www.chiesedisicilia.org\/chiesedisicilia\/news\/wp-json\/wp\/v2\/comments?post=14855"}],"version-history":[{"count":1,"href":"https:\/\/www.chiesedisicilia.org\/chiesedisicilia\/news\/wp-json\/wp\/v2\/posts\/14855\/revisions"}],"predecessor-version":[{"id":23829,"href":"https:\/\/www.chiesedisicilia.org\/chiesedisicilia\/news\/wp-json\/wp\/v2\/posts\/14855\/revisions\/23829"}],"wp:featuredmedia":[{"embeddable":true,"href":"https:\/\/www.chiesedisicilia.org\/chiesedisicilia\/news\/wp-json\/wp\/v2\/media\/9092"}],"wp:attachment":[{"href":"https:\/\/www.chiesedisicilia.org\/chiesedisicilia\/news\/wp-json\/wp\/v2\/media?parent=14855"}],"wp:term":[{"taxonomy":"category","embeddable":true,"href":"https:\/\/www.chiesedisicilia.org\/chiesedisicilia\/news\/wp-json\/wp\/v2\/categories?post=14855"},{"taxonomy":"post_tag","embeddable":true,"href":"https:\/\/www.chiesedisicilia.org\/chiesedisicilia\/news\/wp-json\/wp\/v2\/tags?post=14855"},{"taxonomy":"news-destination","embeddable":true,"href":"https:\/\/www.chiesedisicilia.org\/chiesedisicilia\/news\/wp-json\/wp\/v2\/news-destination?post=14855"},{"taxonomy":"news-source","embeddable":true,"href":"https:\/\/www.chiesedisicilia.org\/chiesedisicilia\/news\/wp-json\/wp\/v2\/news-source?post=14855"},{"taxonomy":"is_homepage","embeddable":true,"href":"https:\/\/www.chiesedisicilia.org\/chiesedisicilia\/news\/wp-json\/wp\/v2\/is_homepage?post=14855"},{"taxonomy":"ta_other","embeddable":true,"href":"https:\/\/www.chiesedisicilia.org\/chiesedisicilia\/news\/wp-json\/wp\/v2\/ta_other?post=14855"}],"curies":[{"name":"wp","href":"https:\/\/api.w.org\/{rel}","templated":true}]}}