{"id":14847,"date":"2022-01-27T16:49:50","date_gmt":"2022-01-27T15:49:50","guid":{"rendered":"http:\/\/www-chiesedisicilia-org-euwp*.sitenm.com\/?p=14847"},"modified":"2022-01-27T16:51:00","modified_gmt":"2021-04-02T16:51:00","slug":"liturgia-don-alberto-giardina-allufficio-nazionale","status":"publish","type":"post","link":"https:\/\/www.chiesedisicilia.org\/2022\/01\/27\/liturgia-don-alberto-giardina-allufficio-nazionale\/","title":{"rendered":"LITURGIA: DON ALBERTO GIARDINA ALL&#8217;UFFICIO NAZIONALE"},"content":{"rendered":"<p>Il Consiglio Permanente della Conferenza Episcopale Italiana ha nominato direttore dell&#8217;Ufficio Liturgico nazionale don Alberto Giardina, presbitero della Diocesi di Trapani.<\/p>\n<p>\u201c<em>Siamo onorati come Diocesi e siamo certi che egli sar\u00e0 all&#8217;altezza del compito.\u00a0 Ci mancher\u00e0 il suo servizio nei vari ambiti in cui \u00e8 all&#8217;opera; tuttavia<\/em> \u2013 dice il <strong>vescovo, mons. Pietro Maria Fragnelli<\/strong> &#8211; <em>siamo fiduciosi che questa nuova esperienza sar\u00e0 di arricchimento per lui e anche per la nostra comunit\u00e0 diocesana. L&#8217;affido sin d&#8217;ora alle preghiere vostre e del popolo santo di Dio. Ci impegniamo a sostenerlo con la vicinanza personale e presbiterale<\/em>\u201d.<\/p>\n<p>Don Giardina, \u00a0trapanese, 43 anni, prete dal 2004, \u00e8 attualmente Cancelliere vescovile, direttore dell&#8217;Ufficio liturgico diocesano, \u00a0parroco moderatore delle parrocchie \u201cSacro Cuore di Ges\u00f9\u201d e \u201cMaria Ausiliatrice in Trapani\u201d e docente di Teologia sacramentaria presso la Pontificia Facolt\u00e0 Teologica di Sicilia. Ha conseguito la licenza e il dottorato in Teologia liturgica presso la Pontificia Universit\u00e0 della Santa Croce in Roma, dopo aver conseguito il baccellierato in Teologia e la licenza in Ecclesiologia in presso la Facolt\u00e0 Teologica di Sicilia e un Master in Archivistica presso l&#8217;Universit\u00e0 degli studi di Bologna. \u00c9 autore di articoli su riviste scientifiche in ambito liturgico. Con il CLV &#8211; edizioni liturgiche, ha pubblicato un volume sullo spazio liturgico.<\/p>\n","protected":false},"excerpt":{"rendered":"","protected":false},"author":4,"featured_media":14844,"comment_status":"closed","ping_status":"closed","sticky":false,"template":"","format":"standard","meta":[],"categories":[30],"tags":[],"news-destination":[],"news-source":[],"is_homepage":[],"ta_other":[],"_links":{"self":[{"href":"https:\/\/www.chiesedisicilia.org\/chiesedisicilia\/news\/wp-json\/wp\/v2\/posts\/14847"}],"collection":[{"href":"https:\/\/www.chiesedisicilia.org\/chiesedisicilia\/news\/wp-json\/wp\/v2\/posts"}],"about":[{"href":"https:\/\/www.chiesedisicilia.org\/chiesedisicilia\/news\/wp-json\/wp\/v2\/types\/post"}],"author":[{"embeddable":true,"href":"https:\/\/www.chiesedisicilia.org\/chiesedisicilia\/news\/wp-json\/wp\/v2\/users\/4"}],"replies":[{"embeddable":true,"href":"https:\/\/www.chiesedisicilia.org\/chiesedisicilia\/news\/wp-json\/wp\/v2\/comments?post=14847"}],"version-history":[{"count":1,"href":"https:\/\/www.chiesedisicilia.org\/chiesedisicilia\/news\/wp-json\/wp\/v2\/posts\/14847\/revisions"}],"predecessor-version":[{"id":23825,"href":"https:\/\/www.chiesedisicilia.org\/chiesedisicilia\/news\/wp-json\/wp\/v2\/posts\/14847\/revisions\/23825"}],"wp:featuredmedia":[{"embeddable":true,"href":"https:\/\/www.chiesedisicilia.org\/chiesedisicilia\/news\/wp-json\/wp\/v2\/media\/14844"}],"wp:attachment":[{"href":"https:\/\/www.chiesedisicilia.org\/chiesedisicilia\/news\/wp-json\/wp\/v2\/media?parent=14847"}],"wp:term":[{"taxonomy":"category","embeddable":true,"href":"https:\/\/www.chiesedisicilia.org\/chiesedisicilia\/news\/wp-json\/wp\/v2\/categories?post=14847"},{"taxonomy":"post_tag","embeddable":true,"href":"https:\/\/www.chiesedisicilia.org\/chiesedisicilia\/news\/wp-json\/wp\/v2\/tags?post=14847"},{"taxonomy":"news-destination","embeddable":true,"href":"https:\/\/www.chiesedisicilia.org\/chiesedisicilia\/news\/wp-json\/wp\/v2\/news-destination?post=14847"},{"taxonomy":"news-source","embeddable":true,"href":"https:\/\/www.chiesedisicilia.org\/chiesedisicilia\/news\/wp-json\/wp\/v2\/news-source?post=14847"},{"taxonomy":"is_homepage","embeddable":true,"href":"https:\/\/www.chiesedisicilia.org\/chiesedisicilia\/news\/wp-json\/wp\/v2\/is_homepage?post=14847"},{"taxonomy":"ta_other","embeddable":true,"href":"https:\/\/www.chiesedisicilia.org\/chiesedisicilia\/news\/wp-json\/wp\/v2\/ta_other?post=14847"}],"curies":[{"name":"wp","href":"https:\/\/api.w.org\/{rel}","templated":true}]}}