{"id":14842,"date":"2022-01-26T20:18:59","date_gmt":"2022-01-26T19:18:59","guid":{"rendered":"http:\/\/www-chiesedisicilia-org-euwp*.sitenm.com\/?p=14842"},"modified":"2022-01-26T20:21:08","modified_gmt":"2021-04-01T20:21:08","slug":"una-periferia-del-moderno-vescovi-e-secolarizzazione-in-sicilia-le-conferenze-episcopali-regionali-1891-1920","status":"publish","type":"post","link":"https:\/\/www.chiesedisicilia.org\/2022\/01\/26\/una-periferia-del-moderno-vescovi-e-secolarizzazione-in-sicilia-le-conferenze-episcopali-regionali-1891-1920\/","title":{"rendered":"UNA PERIFERIA DEL MODERNO. VESCOVI E SECOLARIZZAZIONE IN SICILIA: LE CONFERENZE EPISCOPALI REGIONALI (1891-1920)"},"content":{"rendered":"<p>Il volume affronta un nodo fondamentale della storia della Chiesa siciliana contemporanea, che gi\u00e0 da tempo e da pi\u00f9 parti avverte l\u2019esigenza di studiare in modo approfondito la documentazione relativa alle conferenze episcopali regionali tenute dai vescovi nell\u2019Isola a partire dal 1891. Il punto centrale \u00e8 l\u2019avanzare del processo di secolarizzazione, inteso come estromissione della religione da ogni ambito della vita sociale, analizzato attraverso l\u2019azione collettiva dei suoi prelati.<\/p>\n<p>Emerge, cos\u00ec, un quadro complesso della societ\u00e0 isolana tra fine Ottocento e primo ventennio del Novecento, e ancora una Chiesa siciliana che sulla scia del magistero dei pontefici e conscia delle problematiche locali, tenta di fronteggiare le sfide e i cambiamenti epocali posti in campo dalla modernit\u00e0.<\/p>\n<p>Il lavoro si divide in tre parti: nella prima l\u2019autore mette in evidenza l\u2019azione collettiva dell\u2019episcopato siciliano nel XIX secolo: dal riformismo borbonico alla fine della Legazia Apostolica. Nella seconda parte vengono presentate le diverse sessioni della Conferenza dal 1891 al1920. Nella terza l\u2019autore evidenzia alcuni aspetti del rapporto tra societ\u00e0 e secolarizzazione in Sicilia (impegno sociale, modernismo, democrazia cristiana, il cinema, la guerra, la mafia\u2026)<\/p>\n<p>&nbsp;<\/p>\n<p><strong>SCHEDA<\/strong><\/p>\n<ul>\n<li>Una periferia del moderno. Vescovi e secolarizzazione in Sicilia: le conferenze episcopali regionali (1891-1920)<\/li>\n<li>di Antonio Teramo<\/li>\n<li>Il Grano edizioni, Messina 2021, pp. 276 \u20ac 12,90<\/li>\n<\/ul>\n<p>&nbsp;<\/p>\n<p><strong>Antonio Teramo<\/strong> \u00e8 dottore di ricerca in Scienze storiche archeologiche e filologiche presso l\u2019Universit\u00e0 di Messina. Attualmente \u00e8 borsista e cultore della materia presso la cattedra di Storia Moderna del Dipartimento di Civilt\u00e0 Antiche e Moderne della stessa universit\u00e0.<\/p>\n","protected":false},"excerpt":{"rendered":"","protected":false},"author":4,"featured_media":14839,"comment_status":"closed","ping_status":"closed","sticky":false,"template":"","format":"standard","meta":[],"categories":[27],"tags":[],"news-destination":[],"news-source":[],"is_homepage":[],"ta_other":[],"_links":{"self":[{"href":"https:\/\/www.chiesedisicilia.org\/chiesedisicilia\/news\/wp-json\/wp\/v2\/posts\/14842"}],"collection":[{"href":"https:\/\/www.chiesedisicilia.org\/chiesedisicilia\/news\/wp-json\/wp\/v2\/posts"}],"about":[{"href":"https:\/\/www.chiesedisicilia.org\/chiesedisicilia\/news\/wp-json\/wp\/v2\/types\/post"}],"author":[{"embeddable":true,"href":"https:\/\/www.chiesedisicilia.org\/chiesedisicilia\/news\/wp-json\/wp\/v2\/users\/4"}],"replies":[{"embeddable":true,"href":"https:\/\/www.chiesedisicilia.org\/chiesedisicilia\/news\/wp-json\/wp\/v2\/comments?post=14842"}],"version-history":[{"count":1,"href":"https:\/\/www.chiesedisicilia.org\/chiesedisicilia\/news\/wp-json\/wp\/v2\/posts\/14842\/revisions"}],"predecessor-version":[{"id":23823,"href":"https:\/\/www.chiesedisicilia.org\/chiesedisicilia\/news\/wp-json\/wp\/v2\/posts\/14842\/revisions\/23823"}],"wp:featuredmedia":[{"embeddable":true,"href":"https:\/\/www.chiesedisicilia.org\/chiesedisicilia\/news\/wp-json\/wp\/v2\/media\/14839"}],"wp:attachment":[{"href":"https:\/\/www.chiesedisicilia.org\/chiesedisicilia\/news\/wp-json\/wp\/v2\/media?parent=14842"}],"wp:term":[{"taxonomy":"category","embeddable":true,"href":"https:\/\/www.chiesedisicilia.org\/chiesedisicilia\/news\/wp-json\/wp\/v2\/categories?post=14842"},{"taxonomy":"post_tag","embeddable":true,"href":"https:\/\/www.chiesedisicilia.org\/chiesedisicilia\/news\/wp-json\/wp\/v2\/tags?post=14842"},{"taxonomy":"news-destination","embeddable":true,"href":"https:\/\/www.chiesedisicilia.org\/chiesedisicilia\/news\/wp-json\/wp\/v2\/news-destination?post=14842"},{"taxonomy":"news-source","embeddable":true,"href":"https:\/\/www.chiesedisicilia.org\/chiesedisicilia\/news\/wp-json\/wp\/v2\/news-source?post=14842"},{"taxonomy":"is_homepage","embeddable":true,"href":"https:\/\/www.chiesedisicilia.org\/chiesedisicilia\/news\/wp-json\/wp\/v2\/is_homepage?post=14842"},{"taxonomy":"ta_other","embeddable":true,"href":"https:\/\/www.chiesedisicilia.org\/chiesedisicilia\/news\/wp-json\/wp\/v2\/ta_other?post=14842"}],"curies":[{"name":"wp","href":"https:\/\/api.w.org\/{rel}","templated":true}]}}