{"id":1483,"date":"2012-07-10T18:31:00","date_gmt":"2012-07-10T16:31:00","guid":{"rendered":"http:\/\/wptestsite.tecnavia.com\/chiesedisicilia_clientsite\/news\/2012\/07\/10\/caltagirone-citta-dei-ragazzi-laddio-dei-canossiani\/"},"modified":"2018-11-09T11:00:34","modified_gmt":"2018-01-13T11:00:34","slug":"caltagirone-citta-dei-ragazzi-laddio-dei-canossiani","status":"publish","type":"post","link":"https:\/\/www.chiesedisicilia.org\/2012\/07\/10\/caltagirone-citta-dei-ragazzi-laddio-dei-canossiani\/","title":{"rendered":"CALTAGIRONE. CITTA\u2019 DEI RAGAZZI: L\u2019ADDIO DEI CANOSSIANI"},"content":{"rendered":"<div style=\"text-align: justify; \">Si interrompe l\u2019attivit\u00e0 pastorale della Citt\u00e0 dei Ragazzi. Per problemi relativi alla carenza di religiosi, i Padri canossiani sono costretti a lasciare la struttura che guidavano dal 1954, quando, dalle mani del Vescovo mons. Pietro Capizzi, presero possesso dell\u2019Opera, ed avviano l\u2019attivit\u00e0 del Collegio \u201cdon Luigi Sturzo\u201d. Una fucina di iniziative, attivit\u00e0, ingegno ed umanit\u00e0. Fu, proprio, don Luigi Sturzo a sollecitare i Canossiani ad assumere la direzione della Citt\u00e0 dei Ragazzi. Dal settembre del 1961 ai Padri Canossiani \u00e8 stata affidata anche la cura pastorale della erigenda parrocchia Sacra Famiglia, situata nelle immediate vicinanze della Citt\u00e0 dei Ragazzi. Sono stati migliaia i giovani ospitati in Collegio, fino all\u2019anno scolastico 1994-95, quando viene chiuso per dare inizio al Centro Giovanile \u201cCitt\u00e0 dei Ragazzi\u201d: un\u2019attivit\u00e0 a servizio della Diocesi, animata pastoralmente dai Padri Canossiani. Esprime il suo rammarico per la circostanza il vescovo, mons. Calogro Peri. \u201cRingrazio i Padri Canossiani &#8211; dichiara il pastore &#8211; per l\u2019impegno e la premura pastorale che in tutti questi anni hanno rivolto alla Citt\u00e0 dei Ragazzi: una realt\u00e0 significativa per la nostra Diocesi\u201d. \u201cDopo oltre cinquant\u2019anni &#8211; afferma padre Angelo Carbone, direttore della Citt\u00e0 dei Ragazzi -, andiamo via da un luogo al quale siamo davvero molti ad essere legati\u201d. Con la conclusione dell\u2019attivit\u00e0 pastorale della Citt\u00e0 dei Ragazzi, per\u00f2, non viene meno la presenza dei Padri Canossiani in Diocesi, che continuano la loro attivit\u00e0 pastorale nella parrocchia Sacra Famiglia. Adesso ci si interroga sul futuro della struttura. Una volta lasciati disponibili i locali della struttura, si proceder\u00e0 a verificare lo stato complessivo delle cose e verificare quali progetti di rilancio intraprendere. [01]<\/div>\n<div>\u00a0<\/div>\n","protected":false},"excerpt":{"rendered":"","protected":false},"author":1,"featured_media":0,"comment_status":"open","ping_status":"open","sticky":false,"template":"","format":"standard","meta":[],"categories":[30],"tags":[],"news-destination":[],"news-source":[],"is_homepage":[],"ta_other":[],"_links":{"self":[{"href":"https:\/\/www.chiesedisicilia.org\/chiesedisicilia\/news\/wp-json\/wp\/v2\/posts\/1483"}],"collection":[{"href":"https:\/\/www.chiesedisicilia.org\/chiesedisicilia\/news\/wp-json\/wp\/v2\/posts"}],"about":[{"href":"https:\/\/www.chiesedisicilia.org\/chiesedisicilia\/news\/wp-json\/wp\/v2\/types\/post"}],"author":[{"embeddable":true,"href":"https:\/\/www.chiesedisicilia.org\/chiesedisicilia\/news\/wp-json\/wp\/v2\/users\/1"}],"replies":[{"embeddable":true,"href":"https:\/\/www.chiesedisicilia.org\/chiesedisicilia\/news\/wp-json\/wp\/v2\/comments?post=1483"}],"version-history":[{"count":1,"href":"https:\/\/www.chiesedisicilia.org\/chiesedisicilia\/news\/wp-json\/wp\/v2\/posts\/1483\/revisions"}],"predecessor-version":[{"id":19966,"href":"https:\/\/www.chiesedisicilia.org\/chiesedisicilia\/news\/wp-json\/wp\/v2\/posts\/1483\/revisions\/19966"}],"wp:attachment":[{"href":"https:\/\/www.chiesedisicilia.org\/chiesedisicilia\/news\/wp-json\/wp\/v2\/media?parent=1483"}],"wp:term":[{"taxonomy":"category","embeddable":true,"href":"https:\/\/www.chiesedisicilia.org\/chiesedisicilia\/news\/wp-json\/wp\/v2\/categories?post=1483"},{"taxonomy":"post_tag","embeddable":true,"href":"https:\/\/www.chiesedisicilia.org\/chiesedisicilia\/news\/wp-json\/wp\/v2\/tags?post=1483"},{"taxonomy":"news-destination","embeddable":true,"href":"https:\/\/www.chiesedisicilia.org\/chiesedisicilia\/news\/wp-json\/wp\/v2\/news-destination?post=1483"},{"taxonomy":"news-source","embeddable":true,"href":"https:\/\/www.chiesedisicilia.org\/chiesedisicilia\/news\/wp-json\/wp\/v2\/news-source?post=1483"},{"taxonomy":"is_homepage","embeddable":true,"href":"https:\/\/www.chiesedisicilia.org\/chiesedisicilia\/news\/wp-json\/wp\/v2\/is_homepage?post=1483"},{"taxonomy":"ta_other","embeddable":true,"href":"https:\/\/www.chiesedisicilia.org\/chiesedisicilia\/news\/wp-json\/wp\/v2\/ta_other?post=1483"}],"curies":[{"name":"wp","href":"https:\/\/api.w.org\/{rel}","templated":true}]}}