{"id":14825,"date":"2022-01-07T12:01:22","date_gmt":"2022-01-07T11:01:22","guid":{"rendered":"http:\/\/www-chiesedisicilia-org-euwp*.sitenm.com\/?p=14825"},"modified":"2022-01-11T18:17:55","modified_gmt":"2021-03-17T18:17:55","slug":"sessione-invernale-della-cesi","status":"publish","type":"post","link":"https:\/\/www.chiesedisicilia.org\/2022\/01\/07\/sessione-invernale-della-cesi\/","title":{"rendered":"SESSIONE INVERNALE DELLA CESI"},"content":{"rendered":"<p>\u00c8 convocata da luned\u00ec 10 e fino a mercoled\u00ec 12 gennaio la Sessione invernale di lavoro della Conferenza episcopale siciliana che si svolger\u00e0 presso la sede della CESi, in Corso Calatafimi, n. 1043, Palermo.<\/p>\n<p>Dopo l&#8217;approvazione dei verbali delle sedute delle Sessioni autunnale e straordinaria, i Vescovi incontreranno i responsabili dell&#8217;Ufficio regionale per la Famiglia e dell&#8217;Ufficio regionale per l&#8217;Ecumenismo e il Dialogo interreligioso. All&#8217;ordine del giorno anche il Tribunale ecclesiastico interdiocesano siculo, a seguito della Lettera Apostolica in forma di &#8220;<em>Motu proprio<\/em>&#8221; dello scorso novembre con la quale il Santo Padre ha istituito la Commissione Pontificia di verifica e applicazione del M. P.\u00a0<i>Mitis Iudex Dominus Iesus<\/i> con la quale \u00e8 stato\u00a0riformato il processo canonico per le cause di dichiarazione di nullit\u00e0 del matrimonio.<\/p>\n<p>La sessione si concluder\u00e0 mercoled\u00ec nel primo pomeriggio.<\/p>\n","protected":false},"excerpt":{"rendered":"","protected":false},"author":4,"featured_media":14823,"comment_status":"closed","ping_status":"closed","sticky":false,"template":"","format":"standard","meta":[],"categories":[25],"tags":[],"news-destination":[],"news-source":[],"is_homepage":[],"ta_other":[],"_links":{"self":[{"href":"https:\/\/www.chiesedisicilia.org\/chiesedisicilia\/news\/wp-json\/wp\/v2\/posts\/14825"}],"collection":[{"href":"https:\/\/www.chiesedisicilia.org\/chiesedisicilia\/news\/wp-json\/wp\/v2\/posts"}],"about":[{"href":"https:\/\/www.chiesedisicilia.org\/chiesedisicilia\/news\/wp-json\/wp\/v2\/types\/post"}],"author":[{"embeddable":true,"href":"https:\/\/www.chiesedisicilia.org\/chiesedisicilia\/news\/wp-json\/wp\/v2\/users\/4"}],"replies":[{"embeddable":true,"href":"https:\/\/www.chiesedisicilia.org\/chiesedisicilia\/news\/wp-json\/wp\/v2\/comments?post=14825"}],"version-history":[{"count":1,"href":"https:\/\/www.chiesedisicilia.org\/chiesedisicilia\/news\/wp-json\/wp\/v2\/posts\/14825\/revisions"}],"predecessor-version":[{"id":23821,"href":"https:\/\/www.chiesedisicilia.org\/chiesedisicilia\/news\/wp-json\/wp\/v2\/posts\/14825\/revisions\/23821"}],"wp:featuredmedia":[{"embeddable":true,"href":"https:\/\/www.chiesedisicilia.org\/chiesedisicilia\/news\/wp-json\/wp\/v2\/media\/14823"}],"wp:attachment":[{"href":"https:\/\/www.chiesedisicilia.org\/chiesedisicilia\/news\/wp-json\/wp\/v2\/media?parent=14825"}],"wp:term":[{"taxonomy":"category","embeddable":true,"href":"https:\/\/www.chiesedisicilia.org\/chiesedisicilia\/news\/wp-json\/wp\/v2\/categories?post=14825"},{"taxonomy":"post_tag","embeddable":true,"href":"https:\/\/www.chiesedisicilia.org\/chiesedisicilia\/news\/wp-json\/wp\/v2\/tags?post=14825"},{"taxonomy":"news-destination","embeddable":true,"href":"https:\/\/www.chiesedisicilia.org\/chiesedisicilia\/news\/wp-json\/wp\/v2\/news-destination?post=14825"},{"taxonomy":"news-source","embeddable":true,"href":"https:\/\/www.chiesedisicilia.org\/chiesedisicilia\/news\/wp-json\/wp\/v2\/news-source?post=14825"},{"taxonomy":"is_homepage","embeddable":true,"href":"https:\/\/www.chiesedisicilia.org\/chiesedisicilia\/news\/wp-json\/wp\/v2\/is_homepage?post=14825"},{"taxonomy":"ta_other","embeddable":true,"href":"https:\/\/www.chiesedisicilia.org\/chiesedisicilia\/news\/wp-json\/wp\/v2\/ta_other?post=14825"}],"curies":[{"name":"wp","href":"https:\/\/api.w.org\/{rel}","templated":true}]}}