{"id":1482,"date":"2012-07-10T18:30:00","date_gmt":"2012-07-10T16:30:00","guid":{"rendered":"http:\/\/wptestsite.tecnavia.com\/chiesedisicilia_clientsite\/news\/2012\/07\/10\/caltagirone-ripartono-i-lavori-nella-chiesa-san-pietro\/"},"modified":"2018-11-09T11:00:34","modified_gmt":"2018-01-13T11:00:34","slug":"caltagirone-ripartono-i-lavori-nella-chiesa-san-pietro","status":"publish","type":"post","link":"https:\/\/www.chiesedisicilia.org\/2012\/07\/10\/caltagirone-ripartono-i-lavori-nella-chiesa-san-pietro\/","title":{"rendered":"CALTAGIRONE. RIPARTONO I LAVORI NELLA CHIESA SAN PIETRO"},"content":{"rendered":"<div style=\"text-align: justify; \">Ripartono i lavori di completamento del recupero e della conservazione della Chiesa San Pietro a Caltagirone. L\u2019importo del finanziamento, erogato con i fondi della legge 433\/91 (la legge per la ricostruzione nelle zone colpite dal terremoto del 1990), \u00e8 di 267.721,29 euro.  Il 26 giugno scorso, durante una Conferenza di servizi, i rappresentati della Regione Sicilia, della Protezione Civile e della Diocesi di Caltagirone hanno sottoscritto il verbale di consegna dei lavori all\u2019impresa aggiudicataria del bando pubblico (la ditta RestauArt di Acireale). Responsabile del procedimento \u00e8 l\u2019ing. Giovanni Castorina, dirigente responsabile dell\u2019UOB 13 &#8211; CT, del Dipartimento regionale della Protezione Civile. Progettisti dei lavori sono l\u2019ing. Ignazio Margherone, l\u2019ing. Salvatore Palumbo, ed il geom. Emanuele Sapienza. Il piano d\u2019intervento interesser\u00e0 il tetto, gli affreschi ed il campanile. Prevista anche la pulitura dei prospetti. Con risorse proprie, la parrocchia provveder\u00e0 al rifacimento degli impianti \u2013 nello specifico illuminazione ed amplificazione -, alla levigatura ed alla sistemazione dei marmi. \u201cDal 1990, a pi\u00f9 riprese, e con numerose difficolt\u00e0 &#8211; dichiara mons. Calogero Peri, Vescovo di Caltagirone -, la comunit\u00e0 parrocchiale ha chiesto di poter riavere il proprio edificio di culto. Con l\u2019avvio di questi nuovi lavori, e con un maggiore impegno da parte di tutti, speriamo di porre la parola fine all\u2019intera vicenda\u201d. In questi venti anni, dopo il terremoto di Santa Lucia (1990), e dopo il terremoto di Santa Venerina (2002), la citt\u00e0 di Caltagirone ha sperimentato quanto complesse possano diventare le operazioni di ricostruzione nei luoghi colpiti dal sisma. Attorno alla Chiesa di San Pietro, un vero punto di riferimento per il quartiere, si cre\u00f2 un buon dibattito. L\u2019attenzione dell\u2019opinione pubblica rimase alta. I risultati dei lavori furono per\u00f2 deludenti, oltre che incompleti. Le celebrazioni e tutte le attivit\u00e0 pastorali furono spostate nella chiesetta Sacro Cuore, pur con evidenti criticit\u00e0 logistiche. \u201cSono stati anni lunghi e faticosi &#8211; dice il parroco don Salvo Millesoli -, durante i quali, tuttavia, la nostra comunit\u00e0 ha potuto fare esperienza di una nuova dimensione d\u2019esser Chiesa sul territorio. Una Chiesa viva, fatta di pietre vive e non di pietre che possono essere restaurate, ma che rimangono sempre inermi ed esposte alle traversie del tempo e della natura. Tutte le attivit\u00e0 pastorali sono state portate avanti, pur in condizioni di disagio. Abbiamo dato le risposte che potevamo e sapevamo dare ai pi\u00f9 piccoli, ai deboli, agli emarginati. Siamo stati una comunit\u00e0 accogliente, pur senza avere una grande casa\u201d. Il prossimo 21 novembre la parrocchia San Pietro, proclamer\u00e0 un anno giubilare in occasione dei 100 anni di istituzione della Parrocchia. \u201cPer quella occasione &#8211; continua don Millesoli &#8211; vorrei dare una casa a questa nostra piccola Chiesa, e non semplicemente una chiesa ai fedeli. La Chiesa siamo noi, membra vive dell\u2019unico corpo che \u00e8 Cristo\u201d. [01]<\/div>\n<div>\u00a0<\/div>\n","protected":false},"excerpt":{"rendered":"","protected":false},"author":1,"featured_media":0,"comment_status":"open","ping_status":"open","sticky":false,"template":"","format":"standard","meta":[],"categories":[30],"tags":[],"news-destination":[],"news-source":[],"is_homepage":[],"ta_other":[],"_links":{"self":[{"href":"https:\/\/www.chiesedisicilia.org\/chiesedisicilia\/news\/wp-json\/wp\/v2\/posts\/1482"}],"collection":[{"href":"https:\/\/www.chiesedisicilia.org\/chiesedisicilia\/news\/wp-json\/wp\/v2\/posts"}],"about":[{"href":"https:\/\/www.chiesedisicilia.org\/chiesedisicilia\/news\/wp-json\/wp\/v2\/types\/post"}],"author":[{"embeddable":true,"href":"https:\/\/www.chiesedisicilia.org\/chiesedisicilia\/news\/wp-json\/wp\/v2\/users\/1"}],"replies":[{"embeddable":true,"href":"https:\/\/www.chiesedisicilia.org\/chiesedisicilia\/news\/wp-json\/wp\/v2\/comments?post=1482"}],"version-history":[{"count":1,"href":"https:\/\/www.chiesedisicilia.org\/chiesedisicilia\/news\/wp-json\/wp\/v2\/posts\/1482\/revisions"}],"predecessor-version":[{"id":19965,"href":"https:\/\/www.chiesedisicilia.org\/chiesedisicilia\/news\/wp-json\/wp\/v2\/posts\/1482\/revisions\/19965"}],"wp:attachment":[{"href":"https:\/\/www.chiesedisicilia.org\/chiesedisicilia\/news\/wp-json\/wp\/v2\/media?parent=1482"}],"wp:term":[{"taxonomy":"category","embeddable":true,"href":"https:\/\/www.chiesedisicilia.org\/chiesedisicilia\/news\/wp-json\/wp\/v2\/categories?post=1482"},{"taxonomy":"post_tag","embeddable":true,"href":"https:\/\/www.chiesedisicilia.org\/chiesedisicilia\/news\/wp-json\/wp\/v2\/tags?post=1482"},{"taxonomy":"news-destination","embeddable":true,"href":"https:\/\/www.chiesedisicilia.org\/chiesedisicilia\/news\/wp-json\/wp\/v2\/news-destination?post=1482"},{"taxonomy":"news-source","embeddable":true,"href":"https:\/\/www.chiesedisicilia.org\/chiesedisicilia\/news\/wp-json\/wp\/v2\/news-source?post=1482"},{"taxonomy":"is_homepage","embeddable":true,"href":"https:\/\/www.chiesedisicilia.org\/chiesedisicilia\/news\/wp-json\/wp\/v2\/is_homepage?post=1482"},{"taxonomy":"ta_other","embeddable":true,"href":"https:\/\/www.chiesedisicilia.org\/chiesedisicilia\/news\/wp-json\/wp\/v2\/ta_other?post=1482"}],"curies":[{"name":"wp","href":"https:\/\/api.w.org\/{rel}","templated":true}]}}