{"id":14814,"date":"2022-01-10T11:26:29","date_gmt":"2022-01-10T10:26:29","guid":{"rendered":"http:\/\/www-chiesedisicilia-org-euwp*.sitenm.com\/?p=14814"},"modified":"2022-01-10T11:28:23","modified_gmt":"2021-03-16T11:28:23","slug":"progetto-ioresto-fuori-60-ragazzi-per-promuovere-cittadinanza-attiva","status":"publish","type":"post","link":"https:\/\/www.chiesedisicilia.org\/2022\/01\/10\/progetto-ioresto-fuori-60-ragazzi-per-promuovere-cittadinanza-attiva\/","title":{"rendered":"&#8220;PROGETTO #IORESTOFUORI&#8221;: 60 RAGAZZI PER PROMUOVERE CITTADINANZA ATTIVA"},"content":{"rendered":"<p>Si chiama \u201c#Iorestofuori\u201d il progetto che ha preso il via presso la Fondazione \u201cSan Vito Onlus\u201d di Mazara del Vallo grazie al finanziamento del Dipartimento per le politiche della famiglia della Presidenza del Consiglio dei Ministri. Sono coinvolti 60 ragazzi (tra gli 11 e i 17 anni) che frequentano il Centro \u201cVoci del Mediterraneo\u201d della Fondazione che, nell\u2019ottica della cittadinanza attiva, costruiranno proposte aggregative volte a sviluppare il loro senso critico, la loro attenzione al bene comune e ai bisogni della comunit\u00e0 civile e la conoscenza del territorio e del relativo patrimonio culturale e artistico locale; ma costruiranno anche un sistema integrato di relazioni e di reti tra i ragazzi e i diversi attori attivi sul territorio.<\/p>\n<p>&#8220;<em>Con questo progetto la Fondazione intende recuperare e rigenerare, attraverso la partecipazione dei giovani coinvolti, uno spazio esterno al nostro centro<\/em> \u2013 spiega il <strong>Presidente della Fondazione, Vito Puccio<\/strong> \u2013 <em>con l\u2019obiettivo di destinarlo alla fruizione da parte non solo dei giovani che frequentano il centro di aggregazione ma anche della comunit\u00e0 tutta&#8221;<\/em>.<\/p>\n<p>Il progetto prevede la messa in sicurezza degli ambienti interni e la rigenerazione di uno spazio esterno attraverso la creazione della piattaforma web dedicata, un percorso di progettazione partecipata, l\u2019attivazione dei cantieri aperti di attivit\u00e0 manuali ed espressive e di riciclo creativo, di falegnameria e cartotecnica, di disegno, pittura e street art, di fotografia e digital storytelling. Sar\u00e0 anche creato un hub space creativo multifunzionale e di innovazione sociale e poi l\u2019evento conclusivo \u201cSpring day\u201d. &#8220;<em>Con questo progetto la Fondazione intende perseguire gli obiettivi dell\u2019Agenda 2030 delle Nazioni Unite e cio\u00e8\u00a0<\/em>\u2013 spiega ancora Vito Puccio \u2013 <em>fornire un\u2019educazione di qualit\u00e0, equa e inclusiva, rendere le citt\u00e0 e gli insediamenti umani inclusivi, sicuri, duraturi e sostenibili e poi promuovere societ\u00e0 pacifiche e inclusive<\/em>&#8220;.<\/p>\n<p>Il progetto si concluder\u00e0 il prossimo maggio.<\/p>\n","protected":false},"excerpt":{"rendered":"","protected":false},"author":4,"featured_media":14811,"comment_status":"closed","ping_status":"closed","sticky":false,"template":"","format":"standard","meta":[],"categories":[30],"tags":[],"news-destination":[],"news-source":[],"is_homepage":[],"ta_other":[],"_links":{"self":[{"href":"https:\/\/www.chiesedisicilia.org\/chiesedisicilia\/news\/wp-json\/wp\/v2\/posts\/14814"}],"collection":[{"href":"https:\/\/www.chiesedisicilia.org\/chiesedisicilia\/news\/wp-json\/wp\/v2\/posts"}],"about":[{"href":"https:\/\/www.chiesedisicilia.org\/chiesedisicilia\/news\/wp-json\/wp\/v2\/types\/post"}],"author":[{"embeddable":true,"href":"https:\/\/www.chiesedisicilia.org\/chiesedisicilia\/news\/wp-json\/wp\/v2\/users\/4"}],"replies":[{"embeddable":true,"href":"https:\/\/www.chiesedisicilia.org\/chiesedisicilia\/news\/wp-json\/wp\/v2\/comments?post=14814"}],"version-history":[{"count":1,"href":"https:\/\/www.chiesedisicilia.org\/chiesedisicilia\/news\/wp-json\/wp\/v2\/posts\/14814\/revisions"}],"predecessor-version":[{"id":23817,"href":"https:\/\/www.chiesedisicilia.org\/chiesedisicilia\/news\/wp-json\/wp\/v2\/posts\/14814\/revisions\/23817"}],"wp:featuredmedia":[{"embeddable":true,"href":"https:\/\/www.chiesedisicilia.org\/chiesedisicilia\/news\/wp-json\/wp\/v2\/media\/14811"}],"wp:attachment":[{"href":"https:\/\/www.chiesedisicilia.org\/chiesedisicilia\/news\/wp-json\/wp\/v2\/media?parent=14814"}],"wp:term":[{"taxonomy":"category","embeddable":true,"href":"https:\/\/www.chiesedisicilia.org\/chiesedisicilia\/news\/wp-json\/wp\/v2\/categories?post=14814"},{"taxonomy":"post_tag","embeddable":true,"href":"https:\/\/www.chiesedisicilia.org\/chiesedisicilia\/news\/wp-json\/wp\/v2\/tags?post=14814"},{"taxonomy":"news-destination","embeddable":true,"href":"https:\/\/www.chiesedisicilia.org\/chiesedisicilia\/news\/wp-json\/wp\/v2\/news-destination?post=14814"},{"taxonomy":"news-source","embeddable":true,"href":"https:\/\/www.chiesedisicilia.org\/chiesedisicilia\/news\/wp-json\/wp\/v2\/news-source?post=14814"},{"taxonomy":"is_homepage","embeddable":true,"href":"https:\/\/www.chiesedisicilia.org\/chiesedisicilia\/news\/wp-json\/wp\/v2\/is_homepage?post=14814"},{"taxonomy":"ta_other","embeddable":true,"href":"https:\/\/www.chiesedisicilia.org\/chiesedisicilia\/news\/wp-json\/wp\/v2\/ta_other?post=14814"}],"curies":[{"name":"wp","href":"https:\/\/api.w.org\/{rel}","templated":true}]}}