{"id":14788,"date":"2021-12-01T11:54:04","date_gmt":"2021-12-01T10:54:04","guid":{"rendered":"http:\/\/www-chiesedisicilia-org-euwp*.sitenm.com\/?p=14788"},"modified":"2021-12-06T12:04:51","modified_gmt":"2021-02-09T12:04:51","slug":"migrazioni-la-diocesi-accoglie-una-famiglia-iraniana","status":"publish","type":"post","link":"https:\/\/www.chiesedisicilia.org\/2021\/12\/01\/migrazioni-la-diocesi-accoglie-una-famiglia-iraniana\/","title":{"rendered":"MIGRAZIONI: LA DIOCESI ACCOGLIE UNA FAMIGLIA IRANIANA"},"content":{"rendered":"<p>\u00c8\u00a0arrivata a Cefal\u00f9 una famiglia iraniana che sar\u00e0 ospitata in una casa nel centro normanno. Era giunta in Italia, a Fiumicino, ieri mattina insieme ad altri 43 profughi dal campo dell&#8217;Isola di Lesbo e da Atene.<\/p>\n<p>La famiglia, composta da\u00a0una mamma con due ragazzi, ha passato gli ultimi 3 anni in Grecia.<\/p>\n<p>L&#8217;arrivo in diocesi di questo nucleo familiare \u00e8 stato possibile grazie alla collaborazione tra la Comunit\u00e0 di Sant&#8217;Egidio che ha promosso i corridoi umanitari, la Caritas diocesana e il Servizio Pastorale Cooperazione Missionaria tra le Chiese e Migrantes. &#8220;<em>I corridoi umanitari per i profughi<\/em> &#8211; spiega una <strong>nota stampa della diocesi<\/strong> &#8211; <em>sono un programma sicuro per consentire a persone in &#8220;condizioni di vulnerabilit\u00e0&#8221; un ingresso legale sul territorio italiano con visto umanitario e la possibilit\u00e0 di presentare domanda d&#8217;asilo e sono frutto di un Protocollo d&#8217;intesa tra la Comunit\u00e0 di Sant&#8217;Egidio, la Federazione delle Chiese Evangeliche in Italia, la Tavola Valdese, la Caritas Italiana e il Governo italiano<\/em>&#8220;.<\/p>\n<p>Il loro arrivo era stato annunciato lo scorso settembre, in occasione della 107\u00b0 Giornata Mondiale del Migrante e del Rifugiato. &#8220;<em>L&#8217;arrivo di questa famiglia nel periodo che ci prepara al Natale &#8211; dichiara il <strong>vescovo di Cefal\u00f9, mons. Giuseppe Marciante<\/strong> &#8211; invita tutta la comunit\u00e0 diocesana e in particolare quella cefaludese<\/em>\u00a0<em>a fare spazio autentico all&#8217;altro, a chi \u00e8 nella difficolt\u00e0, ad ogni nostro fratello che soffre<\/em>&#8220;.<\/p>\n<p>L&#8217;invito del vescovo \u00e8 ad essere ancora una volta una comunit\u00e0 che accoglie e che si impegna a dare un&#8217;opportunit\u00e0 concreta a chi \u00e8 fuggito dalla propria terra nella speranza di un futuro migliore.<\/p>\n","protected":false},"excerpt":{"rendered":"","protected":false},"author":4,"featured_media":14785,"comment_status":"closed","ping_status":"closed","sticky":false,"template":"","format":"standard","meta":[],"categories":[30],"tags":[],"news-destination":[],"news-source":[],"is_homepage":[],"ta_other":[],"_links":{"self":[{"href":"https:\/\/www.chiesedisicilia.org\/chiesedisicilia\/news\/wp-json\/wp\/v2\/posts\/14788"}],"collection":[{"href":"https:\/\/www.chiesedisicilia.org\/chiesedisicilia\/news\/wp-json\/wp\/v2\/posts"}],"about":[{"href":"https:\/\/www.chiesedisicilia.org\/chiesedisicilia\/news\/wp-json\/wp\/v2\/types\/post"}],"author":[{"embeddable":true,"href":"https:\/\/www.chiesedisicilia.org\/chiesedisicilia\/news\/wp-json\/wp\/v2\/users\/4"}],"replies":[{"embeddable":true,"href":"https:\/\/www.chiesedisicilia.org\/chiesedisicilia\/news\/wp-json\/wp\/v2\/comments?post=14788"}],"version-history":[{"count":1,"href":"https:\/\/www.chiesedisicilia.org\/chiesedisicilia\/news\/wp-json\/wp\/v2\/posts\/14788\/revisions"}],"predecessor-version":[{"id":23801,"href":"https:\/\/www.chiesedisicilia.org\/chiesedisicilia\/news\/wp-json\/wp\/v2\/posts\/14788\/revisions\/23801"}],"wp:featuredmedia":[{"embeddable":true,"href":"https:\/\/www.chiesedisicilia.org\/chiesedisicilia\/news\/wp-json\/wp\/v2\/media\/14785"}],"wp:attachment":[{"href":"https:\/\/www.chiesedisicilia.org\/chiesedisicilia\/news\/wp-json\/wp\/v2\/media?parent=14788"}],"wp:term":[{"taxonomy":"category","embeddable":true,"href":"https:\/\/www.chiesedisicilia.org\/chiesedisicilia\/news\/wp-json\/wp\/v2\/categories?post=14788"},{"taxonomy":"post_tag","embeddable":true,"href":"https:\/\/www.chiesedisicilia.org\/chiesedisicilia\/news\/wp-json\/wp\/v2\/tags?post=14788"},{"taxonomy":"news-destination","embeddable":true,"href":"https:\/\/www.chiesedisicilia.org\/chiesedisicilia\/news\/wp-json\/wp\/v2\/news-destination?post=14788"},{"taxonomy":"news-source","embeddable":true,"href":"https:\/\/www.chiesedisicilia.org\/chiesedisicilia\/news\/wp-json\/wp\/v2\/news-source?post=14788"},{"taxonomy":"is_homepage","embeddable":true,"href":"https:\/\/www.chiesedisicilia.org\/chiesedisicilia\/news\/wp-json\/wp\/v2\/is_homepage?post=14788"},{"taxonomy":"ta_other","embeddable":true,"href":"https:\/\/www.chiesedisicilia.org\/chiesedisicilia\/news\/wp-json\/wp\/v2\/ta_other?post=14788"}],"curies":[{"name":"wp","href":"https:\/\/api.w.org\/{rel}","templated":true}]}}