{"id":14779,"date":"2021-11-17T15:23:32","date_gmt":"2021-11-17T14:23:32","guid":{"rendered":"http:\/\/www-chiesedisicilia-org-euwp*.sitenm.com\/?p=14779"},"modified":"2021-11-17T15:23:35","modified_gmt":"2021-01-21T15:23:35","slug":"giornata-preghiera-vittime-abusi-preghiera-e-formazione-clero","status":"publish","type":"post","link":"https:\/\/www.chiesedisicilia.org\/2021\/11\/17\/giornata-preghiera-vittime-abusi-preghiera-e-formazione-clero\/","title":{"rendered":"GIORNATA PREGHIERA VITTIME ABUSI: PREGHIERA E FORMAZIONE CLERO"},"content":{"rendered":"<p>Gioved\u00ec 18 novembre\u00a02021 si terr\u00e0 la\u00a0Giornata di preghiera della Chiesa italiana per le vittime e i sopravvissuti agli abusi, per la tutela dei minori e delle persone vulnerabili in coincidenza della Giornata europea di sensibilizzazione per la protezione dei minori contro lo sfruttamento e l&#8217;abuso sessuale dei minorenni.\u00a0<i>&#8220;Un&#8217;occasione da valorizzare nelle Chiese locali<\/i>\u00a0\u2013<b>\u00a0afferma Mons. Lorenzo Ghizzoni, Vescovo di Ravenna-Cervia e Presidente del Servizio Nazionale per la tutela dei minori<\/b>\u00a0\u2013 c<i>on l&#8217;impegno dei Referenti diocesani, dei parroci, dei consacrati, dei catechisti, degli educatori e di tutti gli organismi pastorali, perch\u00e9 siano coinvolte tutte le componenti della comunit\u00e0 cristiana [&#8230;] Siamo invitati alla preghiera per sostenere i cammini di recupero umano e spirituale delle vittime e dei sopravvissuti, da chiunque siano stati feriti, cos\u00ec gravemente, dentro o fuori dalla Chiesa, per le famiglie e le comunit\u00e0 colpite dal dolore per i loro cari&#8221;<\/i>.<\/p>\n<p>La \u00abGiornata\u00bb si inserisce in quella rete di impegni e di iniziative che hanno visto, all&#8217;indomani dell&#8217;approvazione da parte della CEI delle linee guida per il contrasto agli abusi e il sostegno delle vittime (giugno 2019), il consolidarsi di una struttura a livello nazionale, regionale e diocesano.\u00a0Infatti <b>Papa Francesco<\/b> asserisce: &#8220;<i>L&#8217;obiettivo della Chiesa sar\u00e0, dunque, quello di ascoltare, tutelare, proteggere e curare i minori abusati, sfruttati e dimenticati, ovunque essi siano&#8221;<\/i>.<\/p>\n<p>Il Servizio per la tutela e dei minori e delle persone vulnerabili \u00e8 presente anche nella diocesi di Acireale.\u00a0 Esso \u00e8 composto oltre che da un referente specifico, anche da un pool di esperti (psicologi, psicoterapeuti, operatori di pastorale, operatori dell&#8217;ascolto), con l&#8217;obiettivo di proporre momenti di formazione e, attraverso uno sportello di ascolto, accogliere ed accompagnare eventuali vittime. E&#8217; attiva, inoltre, la collaborazione con le diocesi di Sicilia e le istituzioni competenti.\u00a0<b>Mons. Antonino Raspanti, vescovo di Acireale, afferma:<\/b>\u00a0<i>&#8220;E&#8217; necessario che ogni diocesi si doti di un sistema facilmente accessibile a pubblico per ricevere le segnalazioni. E&#8217; importante una conversione dei cuori e una coscienza formata affinch\u00e9 non avvengano pi\u00f9 fenomeni di abuso&#8221;<\/i>.<\/p>\n<p>L&#8217;\u00e9quipe diocesana ha organizzato corsi di formazione per presbiteri ed insegnanti di religione, in collaborazione con l&#8217;Universit\u00e0 Cattolica di Milano, e due giornate di formazione ai giovani del Seminario Vescovile di Acireale; un altro momento, sempre in Seminario, \u00e8 previsto venerd\u00ec 19 novembre. Altri incontri saranno offerti ai catechisti ed agli operatori Caritas, i quali pi\u00f9 di altri possono entrare in contatto con situazioni di maltrattamento ed abuso infantile.<\/p>\n<p>&nbsp;<\/p>\n<p><b>CONTATTI SERVIZIO DIOCESANO PER LA TUTELA DEI MINORI E DELLE PERSONE VULNERABILI<\/b><\/p>\n<p><b>\u00a0<\/b>e-mail:\u00a0sdtm.sportello@diocesiacireale.it<\/p>\n<p>cellulare: +393792599983<\/p>\n<p><a href=\"http:\/\/www.diocesiacireale.it\/tutela-minori-e-persone-vulnerabili\/\">Sito ufficiale\u00a0<\/a><\/p>\n","protected":false},"excerpt":{"rendered":"","protected":false},"author":4,"featured_media":14776,"comment_status":"closed","ping_status":"closed","sticky":false,"template":"","format":"standard","meta":[],"categories":[30],"tags":[],"news-destination":[],"news-source":[],"is_homepage":[],"ta_other":[],"_links":{"self":[{"href":"https:\/\/www.chiesedisicilia.org\/chiesedisicilia\/news\/wp-json\/wp\/v2\/posts\/14779"}],"collection":[{"href":"https:\/\/www.chiesedisicilia.org\/chiesedisicilia\/news\/wp-json\/wp\/v2\/posts"}],"about":[{"href":"https:\/\/www.chiesedisicilia.org\/chiesedisicilia\/news\/wp-json\/wp\/v2\/types\/post"}],"author":[{"embeddable":true,"href":"https:\/\/www.chiesedisicilia.org\/chiesedisicilia\/news\/wp-json\/wp\/v2\/users\/4"}],"replies":[{"embeddable":true,"href":"https:\/\/www.chiesedisicilia.org\/chiesedisicilia\/news\/wp-json\/wp\/v2\/comments?post=14779"}],"version-history":[{"count":1,"href":"https:\/\/www.chiesedisicilia.org\/chiesedisicilia\/news\/wp-json\/wp\/v2\/posts\/14779\/revisions"}],"predecessor-version":[{"id":23791,"href":"https:\/\/www.chiesedisicilia.org\/chiesedisicilia\/news\/wp-json\/wp\/v2\/posts\/14779\/revisions\/23791"}],"wp:featuredmedia":[{"embeddable":true,"href":"https:\/\/www.chiesedisicilia.org\/chiesedisicilia\/news\/wp-json\/wp\/v2\/media\/14776"}],"wp:attachment":[{"href":"https:\/\/www.chiesedisicilia.org\/chiesedisicilia\/news\/wp-json\/wp\/v2\/media?parent=14779"}],"wp:term":[{"taxonomy":"category","embeddable":true,"href":"https:\/\/www.chiesedisicilia.org\/chiesedisicilia\/news\/wp-json\/wp\/v2\/categories?post=14779"},{"taxonomy":"post_tag","embeddable":true,"href":"https:\/\/www.chiesedisicilia.org\/chiesedisicilia\/news\/wp-json\/wp\/v2\/tags?post=14779"},{"taxonomy":"news-destination","embeddable":true,"href":"https:\/\/www.chiesedisicilia.org\/chiesedisicilia\/news\/wp-json\/wp\/v2\/news-destination?post=14779"},{"taxonomy":"news-source","embeddable":true,"href":"https:\/\/www.chiesedisicilia.org\/chiesedisicilia\/news\/wp-json\/wp\/v2\/news-source?post=14779"},{"taxonomy":"is_homepage","embeddable":true,"href":"https:\/\/www.chiesedisicilia.org\/chiesedisicilia\/news\/wp-json\/wp\/v2\/is_homepage?post=14779"},{"taxonomy":"ta_other","embeddable":true,"href":"https:\/\/www.chiesedisicilia.org\/chiesedisicilia\/news\/wp-json\/wp\/v2\/ta_other?post=14779"}],"curies":[{"name":"wp","href":"https:\/\/api.w.org\/{rel}","templated":true}]}}