{"id":14735,"date":"2021-10-14T15:41:17","date_gmt":"2021-10-14T13:41:17","guid":{"rendered":"http:\/\/www-chiesedisicilia-org-euwp*.sitenm.com\/?p=14735"},"modified":"2021-10-14T15:41:19","modified_gmt":"2020-12-18T15:41:19","slug":"il-beato-rosario-livatino-torna-in-carcere-la-reliquia-fa-sosta-con-i-detenuti","status":"publish","type":"post","link":"https:\/\/www.chiesedisicilia.org\/2021\/10\/14\/il-beato-rosario-livatino-torna-in-carcere-la-reliquia-fa-sosta-con-i-detenuti\/","title":{"rendered":"IL BEATO ROSARIO LIVATINO TORNA\u2026 IN CARCERE: LA RELIQUIA FA SOSTA CON I DETENUTI"},"content":{"rendered":"<p>La peregrinatio delle reliquie Rosario Livatino fa tappa al carcere di Agrigento. \u00c8 stato un momento intenso, &#8220;<em>bello e particolare<\/em>&#8220;, quello che \u00e8 stato vissuto questa mattina presso la casa circondariale di contrada Petrusa: la camicia insanguinata che il magistrato indossava il giorno del suo assassinio e che \u00e8 reliquiario del beato Rosario Angelo Livatino, ha raggiunto e sostato con i detenuti, le guardie, magistrati e tirocinanti dell&#8217;Ufficio di Sorveglianza, presso l\u2019istituto intitolato a Pasquale Di Lorenzo<strong>,\u00a0<\/strong>sovrintendente di Polizia Penitenziaria anch\u2019egli vittima della mafia. Una sosta di riflessione e di preghiera: il\u00a0cappellano pro tempore,\u00a0 frate Agatino Sicilia, ha presieduto la celebrazione eucaristica, cuore della tappa della peregrinatio. &#8220;<em>Un momento di Grazia<\/em>&#8220;, durante il quale\u00a0tre detenuti si sono comunicati, per la prima volta, all\u2019Eucarestia.<\/p>\n<p>La reliquia \u00e8 stata accolta dai dirigenti del carcere, il comandante<strong>\u00a0<\/strong>Giuseppe Lo Faro, dagli agenti di Polizia Penitenziaria; presenti al momento anche\u00a0i presbiteri e L a fraternit\u00e0 dei Frati Francescani di Favara.<\/p>\n<p>&#8220;<em>La sosta assume un rilievo particolare per l\u2019attenzione che il Giudice Livatino riservava ai detenuti:\u00a0attentissimo a non confondere la persona con il reato, rispettava gli imputati<\/em> &#8211; spiega <strong>don Carmelo Petrone, direttore del settimanale diocesano agrigentino &#8216;L&#8217;amico del popolo&#8217;<\/strong> -, <em>anche coloro che si erano macchiati dei pi\u00f9 gravi delitti. Si racconta che in un caldissimo Ferragosto and\u00f2 personalmente a portare in carcere il mandato di scarcerazione per un detenuto. E a chi gli chiese la ragione della sua presenza in carcere rispose: \u00abAll\u2019interno del carcere c\u2019\u00e8 una persona che non deve restare neanche un minuto in pi\u00f9. La libert\u00e0 dell\u2019individuo deve prevalere su ogni cosa\u00bb.\u00a0Mi piace pensare alla visita della reliquia di Rosario Livatino ai detenuti del Carcere Petrusa<\/em> &#8211; prosegue Petrone &#8211; <em>non solo come un gesto di attenzione nei loro confronti. Quella teca &#8216;dentro&#8217;, che percorre i corridoi con le porte blindate \u00e8 l\u00ec per ricordare a noi, &#8216;fuori&#8217;, che dietro quelle porte ci sono persone che stanno pagando per quanto hanno fatto, private della libert\u00e0 personale. Ma che, come prevede l\u2019art. 27 della Costituzione, la pena \u00e8 finalizzata alla \u201crieducazione\u201d del condannato<\/em>&#8220;.<\/p>\n<p>La visita ha previsto anche una tappa alla sezione femminile del Carcere con dei momenti di riflessione e preghiera, il cui filo conduttore \u00e8 stato &#8220;Ero carcerato e siete venuti a trovarmi&#8221;.<\/p>\n","protected":false},"excerpt":{"rendered":"","protected":false},"author":4,"featured_media":14733,"comment_status":"closed","ping_status":"closed","sticky":false,"template":"","format":"standard","meta":[],"categories":[30],"tags":[],"news-destination":[],"news-source":[],"is_homepage":[],"ta_other":[],"_links":{"self":[{"href":"https:\/\/www.chiesedisicilia.org\/chiesedisicilia\/news\/wp-json\/wp\/v2\/posts\/14735"}],"collection":[{"href":"https:\/\/www.chiesedisicilia.org\/chiesedisicilia\/news\/wp-json\/wp\/v2\/posts"}],"about":[{"href":"https:\/\/www.chiesedisicilia.org\/chiesedisicilia\/news\/wp-json\/wp\/v2\/types\/post"}],"author":[{"embeddable":true,"href":"https:\/\/www.chiesedisicilia.org\/chiesedisicilia\/news\/wp-json\/wp\/v2\/users\/4"}],"replies":[{"embeddable":true,"href":"https:\/\/www.chiesedisicilia.org\/chiesedisicilia\/news\/wp-json\/wp\/v2\/comments?post=14735"}],"version-history":[{"count":1,"href":"https:\/\/www.chiesedisicilia.org\/chiesedisicilia\/news\/wp-json\/wp\/v2\/posts\/14735\/revisions"}],"predecessor-version":[{"id":23778,"href":"https:\/\/www.chiesedisicilia.org\/chiesedisicilia\/news\/wp-json\/wp\/v2\/posts\/14735\/revisions\/23778"}],"wp:featuredmedia":[{"embeddable":true,"href":"https:\/\/www.chiesedisicilia.org\/chiesedisicilia\/news\/wp-json\/wp\/v2\/media\/14733"}],"wp:attachment":[{"href":"https:\/\/www.chiesedisicilia.org\/chiesedisicilia\/news\/wp-json\/wp\/v2\/media?parent=14735"}],"wp:term":[{"taxonomy":"category","embeddable":true,"href":"https:\/\/www.chiesedisicilia.org\/chiesedisicilia\/news\/wp-json\/wp\/v2\/categories?post=14735"},{"taxonomy":"post_tag","embeddable":true,"href":"https:\/\/www.chiesedisicilia.org\/chiesedisicilia\/news\/wp-json\/wp\/v2\/tags?post=14735"},{"taxonomy":"news-destination","embeddable":true,"href":"https:\/\/www.chiesedisicilia.org\/chiesedisicilia\/news\/wp-json\/wp\/v2\/news-destination?post=14735"},{"taxonomy":"news-source","embeddable":true,"href":"https:\/\/www.chiesedisicilia.org\/chiesedisicilia\/news\/wp-json\/wp\/v2\/news-source?post=14735"},{"taxonomy":"is_homepage","embeddable":true,"href":"https:\/\/www.chiesedisicilia.org\/chiesedisicilia\/news\/wp-json\/wp\/v2\/is_homepage?post=14735"},{"taxonomy":"ta_other","embeddable":true,"href":"https:\/\/www.chiesedisicilia.org\/chiesedisicilia\/news\/wp-json\/wp\/v2\/ta_other?post=14735"}],"curies":[{"name":"wp","href":"https:\/\/api.w.org\/{rel}","templated":true}]}}