{"id":1473,"date":"2011-09-20T18:18:00","date_gmt":"2011-09-20T16:18:00","guid":{"rendered":"http:\/\/wptestsite.tecnavia.com\/chiesedisicilia_clientsite\/news\/2011\/09\/20\/caltagirone-donata-a-ramacca-una-reliquia-di-padre-pio\/"},"modified":"2018-11-09T10:55:55","modified_gmt":"2018-01-13T10:55:55","slug":"caltagirone-donata-a-ramacca-una-reliquia-di-padre-pio","status":"publish","type":"post","link":"https:\/\/www.chiesedisicilia.org\/2011\/09\/20\/caltagirone-donata-a-ramacca-una-reliquia-di-padre-pio\/","title":{"rendered":"CALTAGIRONE. DONATA A RAMACCA UNA RELIQUIA DI PADRE PIO"},"content":{"rendered":"<div>\n<div>\u00a0<\/div>\n<div style=\"text-align: justify\">Mons. Calogero Peri, vescovo di Caltagirone, in visita al Convento di S. Giovanni Rotondo, ha avuto in consegna una reliquia di San Pio: uno dei guanti che coprivano le sue stimmate. Questo dono, di ricchissimo valore, sar\u00e0 consegnato alla parrocchia San Giuseppe, in Ramacca, come reliquia permanente. La consegna avverr\u00e0 dalle mani del vescovo, nel corso di una solenne celebrazione eucaristica, che si terr\u00e0 a Ramacca, oggi, mercoled\u00ec 21 settembre, alle 20, in Piazza sottotenente Di Fazio, dove \u00e8 collocata una statua del Santo di Pietrelcina. [01]<\/div>\n<div>\u00a0<\/div>\n<\/div>\n","protected":false},"excerpt":{"rendered":"","protected":false},"author":1,"featured_media":0,"comment_status":"open","ping_status":"open","sticky":false,"template":"","format":"standard","meta":[],"categories":[30],"tags":[],"news-destination":[],"news-source":[],"is_homepage":[],"ta_other":[],"_links":{"self":[{"href":"https:\/\/www.chiesedisicilia.org\/chiesedisicilia\/news\/wp-json\/wp\/v2\/posts\/1473"}],"collection":[{"href":"https:\/\/www.chiesedisicilia.org\/chiesedisicilia\/news\/wp-json\/wp\/v2\/posts"}],"about":[{"href":"https:\/\/www.chiesedisicilia.org\/chiesedisicilia\/news\/wp-json\/wp\/v2\/types\/post"}],"author":[{"embeddable":true,"href":"https:\/\/www.chiesedisicilia.org\/chiesedisicilia\/news\/wp-json\/wp\/v2\/users\/1"}],"replies":[{"embeddable":true,"href":"https:\/\/www.chiesedisicilia.org\/chiesedisicilia\/news\/wp-json\/wp\/v2\/comments?post=1473"}],"version-history":[{"count":1,"href":"https:\/\/www.chiesedisicilia.org\/chiesedisicilia\/news\/wp-json\/wp\/v2\/posts\/1473\/revisions"}],"predecessor-version":[{"id":19954,"href":"https:\/\/www.chiesedisicilia.org\/chiesedisicilia\/news\/wp-json\/wp\/v2\/posts\/1473\/revisions\/19954"}],"wp:attachment":[{"href":"https:\/\/www.chiesedisicilia.org\/chiesedisicilia\/news\/wp-json\/wp\/v2\/media?parent=1473"}],"wp:term":[{"taxonomy":"category","embeddable":true,"href":"https:\/\/www.chiesedisicilia.org\/chiesedisicilia\/news\/wp-json\/wp\/v2\/categories?post=1473"},{"taxonomy":"post_tag","embeddable":true,"href":"https:\/\/www.chiesedisicilia.org\/chiesedisicilia\/news\/wp-json\/wp\/v2\/tags?post=1473"},{"taxonomy":"news-destination","embeddable":true,"href":"https:\/\/www.chiesedisicilia.org\/chiesedisicilia\/news\/wp-json\/wp\/v2\/news-destination?post=1473"},{"taxonomy":"news-source","embeddable":true,"href":"https:\/\/www.chiesedisicilia.org\/chiesedisicilia\/news\/wp-json\/wp\/v2\/news-source?post=1473"},{"taxonomy":"is_homepage","embeddable":true,"href":"https:\/\/www.chiesedisicilia.org\/chiesedisicilia\/news\/wp-json\/wp\/v2\/is_homepage?post=1473"},{"taxonomy":"ta_other","embeddable":true,"href":"https:\/\/www.chiesedisicilia.org\/chiesedisicilia\/news\/wp-json\/wp\/v2\/ta_other?post=1473"}],"curies":[{"name":"wp","href":"https:\/\/api.w.org\/{rel}","templated":true}]}}