{"id":14729,"date":"2021-10-05T09:35:14","date_gmt":"2021-10-05T07:35:14","guid":{"rendered":"http:\/\/www-chiesedisicilia-org-euwp*.sitenm.com\/?p=14729"},"modified":"2021-10-05T09:35:17","modified_gmt":"2020-12-09T09:35:17","slug":"caritas-sigonella-u-s-a-e-dona-abbigliamento-e-beni-di-prima-necessita","status":"publish","type":"post","link":"https:\/\/www.chiesedisicilia.org\/2021\/10\/05\/caritas-sigonella-u-s-a-e-dona-abbigliamento-e-beni-di-prima-necessita\/","title":{"rendered":"CARITAS: SIGONELLA &#8220;U.S.A. E DONA&#8221; ABBIGLIAMENTO E BENI DI PRIMA NECESSIT\u00c0"},"content":{"rendered":"<p>Gioved\u00ec 7 ottobre, alle ore 11.00, nel\u00a0<span>Magazzino Caritas Diocesana di Aci<\/span><span>\u00a0Sant\u2019Antonio\u00a0<\/span>il team della base\u00a0<span>Nas Sigonella Americana<\/span>\u00a0ed il\u00a0<span>Comando Aeroporto Sigonella dell\u2019Aeronautica<\/span>, consegneranno abbigliamento e beni di prima necessit\u00e0 alla\u00a0Caritas Diocesana di Acireale\u00a0e all\u2019Associazione Tenda di San Camillo, casa di recupero per persone con problemi di tossicodipendenza e per ammalati di Aids.<\/p>\n<p><img alt=\"CARITAS: SIGONELLA \"U.S.A. E DONA\" ABBIGLIAMENTO E BENI DI PRIMA NECESSIT\u00c0\" title=\"CARITAS: SIGONELLA \"U.S.A. E DONA\" ABBIGLIAMENTO E BENI DI PRIMA NECESSIT\u00c0\" loading=\"lazy\" class=\"size-medium wp-image-14909 alignleft\" src=\"https:\/\/www.chiesedisicilia.org\/chiesedisicilia\/news\/wp-content\/uploads\/sites\/2\/2021\/10\/7DB5AF15-F430-4B11-A8D9-C61F7A3956E7.jpeg\" alt=\"\" width=\"300\" height=\"225\" srcset=\"https:\/\/euwps05.newsmemory.com\/chiesedisicilia\/news\/wp-content\/uploads\/sites\/2\/2021\/10\/7DB5AF15-F430-4B11-A8D9-C61F7A3956E7.jpeg 1600w, https:\/\/euwps05.newsmemory.com\/chiesedisicilia\/news\/wp-content\/uploads\/sites\/2\/2021\/10\/7DB5AF15-F430-4B11-A8D9-C61F7A3956E7-300x225.jpeg 300w, https:\/\/euwps05.newsmemory.com\/chiesedisicilia\/news\/wp-content\/uploads\/sites\/2\/2021\/10\/7DB5AF15-F430-4B11-A8D9-C61F7A3956E7-1024x768.jpeg 1024w, https:\/\/euwps05.newsmemory.com\/chiesedisicilia\/news\/wp-content\/uploads\/sites\/2\/2021\/10\/7DB5AF15-F430-4B11-A8D9-C61F7A3956E7-768x576.jpeg 768w, https:\/\/euwps05.newsmemory.com\/chiesedisicilia\/news\/wp-content\/uploads\/sites\/2\/2021\/10\/7DB5AF15-F430-4B11-A8D9-C61F7A3956E7-1536x1152.jpeg 1536w, https:\/\/euwps05.newsmemory.com\/chiesedisicilia\/news\/wp-content\/uploads\/sites\/2\/2021\/10\/7DB5AF15-F430-4B11-A8D9-C61F7A3956E7-750x563.jpeg 750w\" sizes=\"(max-width: 300px) 100vw, 300px\" \/>I prodotti provengono dalla generosit\u00e0 dei siciliani che hanno aderito al ponte umanitario organizzato dagli USA, denominato\u00a0\u201cOperation Allies Refugee\u201d, per aiutare i cittadini afghani giunti presso la base NAS Sigonella. Saranno gli stessi militari americani che si occuperanno delle varie fasi della consegna.<\/p>\n<p>La risposta caritatevole \u00e8 stata cos\u00ec rilevante che, dopo avere soddisfatto i bisogni primari degli sfollati afghani in transito, si \u00e8 deciso di\u00a0<span>sostenere anche la popolazione siciliana in un periodo di difficolt\u00e0 dovuta all\u2019emergenza Covid<\/span>, &#8220;<em>cos\u00ec<\/em> &#8211; si legge in una nota stampa congiunta della <strong>Diocesi di Acireale e della\u00a0Base Marina USA NAS Sigonella<\/strong> &#8211; <em>da rafforzare i legami di fratellanza con la base USA che si trova ospite in Sicilia sin dal 1959<\/em>&#8220;.<\/p>\n<p>Interverranno all\u2019iniziativa, resa possibile grazie all\u2019intervento di padre Riccardo Leonardi d.O., della Congregazione dell&#8217;Oratorio di San Filippo Neri in Aci Catena,\u00a0<span>i rappresentanti dell\u2019Aeronautica e della Marina statunitense<\/span>\u00a0e\u00a0<span>mons. Antonino Raspanti<\/span>, vescovo della diocesi di Acireale.<\/p>\n","protected":false},"excerpt":{"rendered":"","protected":false},"author":4,"featured_media":14727,"comment_status":"closed","ping_status":"closed","sticky":false,"template":"","format":"standard","meta":[],"categories":[30],"tags":[],"news-destination":[],"news-source":[],"is_homepage":[],"ta_other":[],"_links":{"self":[{"href":"https:\/\/www.chiesedisicilia.org\/chiesedisicilia\/news\/wp-json\/wp\/v2\/posts\/14729"}],"collection":[{"href":"https:\/\/www.chiesedisicilia.org\/chiesedisicilia\/news\/wp-json\/wp\/v2\/posts"}],"about":[{"href":"https:\/\/www.chiesedisicilia.org\/chiesedisicilia\/news\/wp-json\/wp\/v2\/types\/post"}],"author":[{"embeddable":true,"href":"https:\/\/www.chiesedisicilia.org\/chiesedisicilia\/news\/wp-json\/wp\/v2\/users\/4"}],"replies":[{"embeddable":true,"href":"https:\/\/www.chiesedisicilia.org\/chiesedisicilia\/news\/wp-json\/wp\/v2\/comments?post=14729"}],"version-history":[{"count":1,"href":"https:\/\/www.chiesedisicilia.org\/chiesedisicilia\/news\/wp-json\/wp\/v2\/posts\/14729\/revisions"}],"predecessor-version":[{"id":23775,"href":"https:\/\/www.chiesedisicilia.org\/chiesedisicilia\/news\/wp-json\/wp\/v2\/posts\/14729\/revisions\/23775"}],"wp:featuredmedia":[{"embeddable":true,"href":"https:\/\/www.chiesedisicilia.org\/chiesedisicilia\/news\/wp-json\/wp\/v2\/media\/14727"}],"wp:attachment":[{"href":"https:\/\/www.chiesedisicilia.org\/chiesedisicilia\/news\/wp-json\/wp\/v2\/media?parent=14729"}],"wp:term":[{"taxonomy":"category","embeddable":true,"href":"https:\/\/www.chiesedisicilia.org\/chiesedisicilia\/news\/wp-json\/wp\/v2\/categories?post=14729"},{"taxonomy":"post_tag","embeddable":true,"href":"https:\/\/www.chiesedisicilia.org\/chiesedisicilia\/news\/wp-json\/wp\/v2\/tags?post=14729"},{"taxonomy":"news-destination","embeddable":true,"href":"https:\/\/www.chiesedisicilia.org\/chiesedisicilia\/news\/wp-json\/wp\/v2\/news-destination?post=14729"},{"taxonomy":"news-source","embeddable":true,"href":"https:\/\/www.chiesedisicilia.org\/chiesedisicilia\/news\/wp-json\/wp\/v2\/news-source?post=14729"},{"taxonomy":"is_homepage","embeddable":true,"href":"https:\/\/www.chiesedisicilia.org\/chiesedisicilia\/news\/wp-json\/wp\/v2\/is_homepage?post=14729"},{"taxonomy":"ta_other","embeddable":true,"href":"https:\/\/www.chiesedisicilia.org\/chiesedisicilia\/news\/wp-json\/wp\/v2\/ta_other?post=14729"}],"curies":[{"name":"wp","href":"https:\/\/api.w.org\/{rel}","templated":true}]}}