{"id":14723,"date":"2021-09-25T11:30:28","date_gmt":"2021-09-25T09:30:28","guid":{"rendered":"http:\/\/www-chiesedisicilia-org-euwp*.sitenm.com\/?p=14723"},"modified":"2021-09-28T18:20:41","modified_gmt":"2020-12-02T18:20:41","slug":"le-chiese-di-sicilia-alla-borsa-globale-dei-turismi","status":"publish","type":"post","link":"https:\/\/www.chiesedisicilia.org\/2021\/09\/25\/le-chiese-di-sicilia-alla-borsa-globale-dei-turismi\/","title":{"rendered":"LE CHIESE DI SICILIA ALLA BORSA GLOBALE DEI TURISMI"},"content":{"rendered":"<p>Le Chiese di Sicilia partecipano al Travelexpo 2021 &#8220;Il coraggio di agire&#8221;. Le diocesi dell&#8217;Isola saranno protagoniste di una intera giornata alla Borsa globale dei Turismi, il business party del turismo internazionale che si svolger\u00e0 dal 25 al 27 settembre a Terrasini &#8211; Citt\u00e0 del Mare. E quella in questione non \u00e8 una giornata come le altre, ma la Giornata Mondiale del Turismo.<\/p>\n<p>L&#8217;evento, riassunto nella locandina in allegato, si svolger\u00e0 al CDS HOTELS di Terrasini ed \u00e8 organizzata in due momenti: in apertura, al mattino, una tavola rotonda su &#8220;<em>Costruire cultura per sostenere la crescita di un turismo inclusivo<\/em>&#8220;.<\/p>\n<p><img alt=\"LE CHIESE DI SICILIA ALLA BORSA GLOBALE DEI TURISMI\" title=\"LE CHIESE DI SICILIA ALLA BORSA GLOBALE DEI TURISMI\" loading=\"lazy\" class=\"size-medium wp-image-14720 alignleft\" src=\"https:\/\/www.chiesedisicilia.org\/chiesedisicilia\/news\/wp-content\/uploads\/sites\/2\/2021\/06\/DOn-Roberto-Fucile.jpg\" alt=\"\" width=\"300\" height=\"258\" srcset=\"https:\/\/euwps05.newsmemory.com\/chiesedisicilia\/news\/wp-content\/uploads\/sites\/2\/2021\/06\/DOn-Roberto-Fucile.jpg 512w, https:\/\/euwps05.newsmemory.com\/chiesedisicilia\/news\/wp-content\/uploads\/sites\/2\/2021\/06\/DOn-Roberto-Fucile-300x258.jpg 300w\" sizes=\"(max-width: 300px) 100vw, 300px\" \/>Per <strong>don Roberto Fucile, direttore dell&#8217;Ufficio regionale CESi per il Tempo libero, Turismo e Sport<\/strong>,\u00a0&#8220;<em>il tema della giornata mondiale del turismo 2021, &#8216;Il turismo per una crescita inclusiva&#8217;, e il titolo dato alla XXIII edizione di Travelexpo, &#8216;Il coraggio di agire&#8217;, offrono lo spunto per una riflessione collettiva sul ruolo che gli attori del &#8216;sistema turismo&#8217;, e quindi turisti, istituzioni, imprese, comunit\u00e0, formatori e comunicatori, possono svolgere per offrire nuove prospettive all\u2019esperienza turistica in un periodo drammaticamente segnato da emergenze sanitarie e crisi economiche, per pensare al viaggio come ad un\u2019occasione di cambiamento, soprattutto culturale. La presenza della Rete siciliana dei Parchi culturali ecclesiali a Travelexpo 2021, coordinata dalla CESi con la collaborazione di ART\u00d9<\/em>\u00a0-aggiunge -,<em> va quindi intesa sia come opportunit\u00e0 di confronto operativo con gli addetti ai lavori che come occasione per discutere con il mondo del turismo gli obiettivi che sostengono il progetto della Rete dei Parchi<\/em>&#8220;.<\/p>\n<p>La tavola rotonda avr\u00e0 inizio alle ore 10:30, con l&#8217;introduzione di don Roberto Fucile. Gli interventi previsti sono: di MONS. MICHELE PENNISI, arcivescovo di Monreale e delegato CESi per l&#8217;Educazione cattolica, Scuola e Universit\u00e0, su \u201c<em>Investire sulla formazione e sulla cultura per favorire la crescita dei territori<\/em>\u201d; di DON GIONATAN DE MARCO, direttore dell\u2019Ufficio nazionale per la Pastorale del tempo libero, turismo e sport della CEI, su \u201c<em>Il turismo conviviale come teoria e pratica dell\u2019azione culturale<\/em>&#8220;; di GIUSEPPE MATARAZZO,\u00a0giornalista del quotidiano Avvenire, su \u201c<em>Comunicare nel turismo: etica e cultura nell\u2019epoca della competitivit\u00e0<\/em>\u201d. Le conclusioni saranno affidate a GIROLAMO CUSIMANO, presidente dell\u2019Associazione Ricercatori Turismo &#8211; ART\u00d9.<\/p>\n<p>Nel pomeriggio, dalle 15.30, \u00e8 previsto il <strong>Workshop &#8220;I Parchi culturali ecclesiali siciliani si incontrano e incontrano&#8221;<\/strong>, occasione di confronto con le &#8220;realt\u00e0 esterne&#8221; per meglio strutturarsi e proporre un&#8217;offerta di turismo conviviale siciliana. &#8220;<em>I parchi culturali siciliani<\/em> &#8211; spiega don Fucile &#8211;\u00a0<em>si incontrano a Travelexpo per tracciare il percorso che li porter\u00e0 a presentarsi al mercato turistico come nuova realt\u00e0 operativa di promozione dei territori. L&#8217;incontro sar\u00e0 un&#8217;occasione per costruire strategie e progetti per il futuro insieme agli altri attori del sistema turistico regionale&#8221;.<\/em><\/p>\n<p>Vi parteciperanno, insieme con l&#8217;Ufficio della CESi, la Rete siciliana dei PArcghi culturali ecclesiali e ARTU&#8217;, anche il Dipartimento regionale del Turismo, dello Sport e dello Spettacolo, l&#8217;Associazione Musei ecclesiastici italiani, Vie sacre di Sicilia e Confcooperative Sicilia.<\/p>\n<p>&nbsp;<\/p>\n<p><strong>ALLEGATI:<\/strong><\/p>\n<p><a href=\"https:\/\/www.chiesedisicilia.org\/chiesedisicilia\/news\/wp-content\/uploads\/sites\/2\/2021\/09\/Locandina-evento-CESi_Travelexpo-2021_def.pdf\">&#8211; Locandina Giornata del Turismo &#8211; Travelexpo 2021<\/a><\/p>\n","protected":false},"excerpt":{"rendered":"","protected":false},"author":4,"featured_media":14722,"comment_status":"closed","ping_status":"closed","sticky":false,"template":"","format":"standard","meta":[],"categories":[26],"tags":[],"news-destination":[],"news-source":[],"is_homepage":[],"ta_other":[],"_links":{"self":[{"href":"https:\/\/www.chiesedisicilia.org\/chiesedisicilia\/news\/wp-json\/wp\/v2\/posts\/14723"}],"collection":[{"href":"https:\/\/www.chiesedisicilia.org\/chiesedisicilia\/news\/wp-json\/wp\/v2\/posts"}],"about":[{"href":"https:\/\/www.chiesedisicilia.org\/chiesedisicilia\/news\/wp-json\/wp\/v2\/types\/post"}],"author":[{"embeddable":true,"href":"https:\/\/www.chiesedisicilia.org\/chiesedisicilia\/news\/wp-json\/wp\/v2\/users\/4"}],"replies":[{"embeddable":true,"href":"https:\/\/www.chiesedisicilia.org\/chiesedisicilia\/news\/wp-json\/wp\/v2\/comments?post=14723"}],"version-history":[{"count":1,"href":"https:\/\/www.chiesedisicilia.org\/chiesedisicilia\/news\/wp-json\/wp\/v2\/posts\/14723\/revisions"}],"predecessor-version":[{"id":24137,"href":"https:\/\/www.chiesedisicilia.org\/chiesedisicilia\/news\/wp-json\/wp\/v2\/posts\/14723\/revisions\/24137"}],"wp:featuredmedia":[{"embeddable":true,"href":"https:\/\/www.chiesedisicilia.org\/chiesedisicilia\/news\/wp-json\/wp\/v2\/media\/14722"}],"wp:attachment":[{"href":"https:\/\/www.chiesedisicilia.org\/chiesedisicilia\/news\/wp-json\/wp\/v2\/media?parent=14723"}],"wp:term":[{"taxonomy":"category","embeddable":true,"href":"https:\/\/www.chiesedisicilia.org\/chiesedisicilia\/news\/wp-json\/wp\/v2\/categories?post=14723"},{"taxonomy":"post_tag","embeddable":true,"href":"https:\/\/www.chiesedisicilia.org\/chiesedisicilia\/news\/wp-json\/wp\/v2\/tags?post=14723"},{"taxonomy":"news-destination","embeddable":true,"href":"https:\/\/www.chiesedisicilia.org\/chiesedisicilia\/news\/wp-json\/wp\/v2\/news-destination?post=14723"},{"taxonomy":"news-source","embeddable":true,"href":"https:\/\/www.chiesedisicilia.org\/chiesedisicilia\/news\/wp-json\/wp\/v2\/news-source?post=14723"},{"taxonomy":"is_homepage","embeddable":true,"href":"https:\/\/www.chiesedisicilia.org\/chiesedisicilia\/news\/wp-json\/wp\/v2\/is_homepage?post=14723"},{"taxonomy":"ta_other","embeddable":true,"href":"https:\/\/www.chiesedisicilia.org\/chiesedisicilia\/news\/wp-json\/wp\/v2\/ta_other?post=14723"}],"curies":[{"name":"wp","href":"https:\/\/api.w.org\/{rel}","templated":true}]}}