{"id":1471,"date":"2011-07-06T19:01:00","date_gmt":"2011-07-06T17:01:00","guid":{"rendered":"http:\/\/wptestsite.tecnavia.com\/chiesedisicilia_clientsite\/news\/2011\/07\/06\/caltagirone-little-seed-in-concerto-per-la-gmg-di-madrid\/"},"modified":"2018-11-09T10:55:55","modified_gmt":"2018-01-13T10:55:55","slug":"caltagirone-little-seed-in-concerto-per-la-gmg-di-madrid","status":"publish","type":"post","link":"https:\/\/www.chiesedisicilia.org\/2011\/07\/06\/caltagirone-little-seed-in-concerto-per-la-gmg-di-madrid\/","title":{"rendered":"CALTAGIRONE. LITTLE SEED IN CONCERTO PER LA GMG DI MADRID"},"content":{"rendered":"<div>\n<div>\u00a0<\/div>\n<div style=\"text-align: justify\">Si svolger\u00e0 oggi, marted\u00ec 5 luglio, alle 21, alla Villa Patti in Caltagirone, il concerto \u201cCredere per Volare\u201d del gruppo musicale Little Seed. L&#8217;evento \u00e8 organizzato dal circolo ANSPI di Caltagirone per una raccolta fondi destinato ai giovani che parteciperanno alla Giornata Mondiale della Giovent\u00f9 che si terr\u00e0 il prossimo agosto a Madrid. Alla fine della serata sar\u00e0 messo in palio un televisore lcd 32&#8243;. Il costo del biglietto \u00e8 di \u20ac. 5,00 e tutto il ricavato sar\u00e0 devoluto ai giovani. [01]<\/div>\n<div>\u00a0<\/div>\n<\/div>\n","protected":false},"excerpt":{"rendered":"","protected":false},"author":1,"featured_media":0,"comment_status":"open","ping_status":"open","sticky":false,"template":"","format":"standard","meta":[],"categories":[30],"tags":[],"news-destination":[],"news-source":[],"is_homepage":[],"ta_other":[],"_links":{"self":[{"href":"https:\/\/www.chiesedisicilia.org\/chiesedisicilia\/news\/wp-json\/wp\/v2\/posts\/1471"}],"collection":[{"href":"https:\/\/www.chiesedisicilia.org\/chiesedisicilia\/news\/wp-json\/wp\/v2\/posts"}],"about":[{"href":"https:\/\/www.chiesedisicilia.org\/chiesedisicilia\/news\/wp-json\/wp\/v2\/types\/post"}],"author":[{"embeddable":true,"href":"https:\/\/www.chiesedisicilia.org\/chiesedisicilia\/news\/wp-json\/wp\/v2\/users\/1"}],"replies":[{"embeddable":true,"href":"https:\/\/www.chiesedisicilia.org\/chiesedisicilia\/news\/wp-json\/wp\/v2\/comments?post=1471"}],"version-history":[{"count":1,"href":"https:\/\/www.chiesedisicilia.org\/chiesedisicilia\/news\/wp-json\/wp\/v2\/posts\/1471\/revisions"}],"predecessor-version":[{"id":19954,"href":"https:\/\/www.chiesedisicilia.org\/chiesedisicilia\/news\/wp-json\/wp\/v2\/posts\/1471\/revisions\/19954"}],"wp:attachment":[{"href":"https:\/\/www.chiesedisicilia.org\/chiesedisicilia\/news\/wp-json\/wp\/v2\/media?parent=1471"}],"wp:term":[{"taxonomy":"category","embeddable":true,"href":"https:\/\/www.chiesedisicilia.org\/chiesedisicilia\/news\/wp-json\/wp\/v2\/categories?post=1471"},{"taxonomy":"post_tag","embeddable":true,"href":"https:\/\/www.chiesedisicilia.org\/chiesedisicilia\/news\/wp-json\/wp\/v2\/tags?post=1471"},{"taxonomy":"news-destination","embeddable":true,"href":"https:\/\/www.chiesedisicilia.org\/chiesedisicilia\/news\/wp-json\/wp\/v2\/news-destination?post=1471"},{"taxonomy":"news-source","embeddable":true,"href":"https:\/\/www.chiesedisicilia.org\/chiesedisicilia\/news\/wp-json\/wp\/v2\/news-source?post=1471"},{"taxonomy":"is_homepage","embeddable":true,"href":"https:\/\/www.chiesedisicilia.org\/chiesedisicilia\/news\/wp-json\/wp\/v2\/is_homepage?post=1471"},{"taxonomy":"ta_other","embeddable":true,"href":"https:\/\/www.chiesedisicilia.org\/chiesedisicilia\/news\/wp-json\/wp\/v2\/ta_other?post=1471"}],"curies":[{"name":"wp","href":"https:\/\/api.w.org\/{rel}","templated":true}]}}