{"id":14695,"date":"2021-09-08T20:26:37","date_gmt":"2021-09-08T18:26:37","guid":{"rendered":"http:\/\/www-chiesedisicilia-org-euwp*.sitenm.com\/?p=14695"},"modified":"2021-09-08T20:26:39","modified_gmt":"2020-11-12T20:26:39","slug":"la-terra-brucia-la-sfida-della-prevenzione-tavolo-di-confronto","status":"publish","type":"post","link":"https:\/\/www.chiesedisicilia.org\/2021\/09\/08\/la-terra-brucia-la-sfida-della-prevenzione-tavolo-di-confronto\/","title":{"rendered":"&#8220;LA TERRA BRUCIA. LA SFIDA DELLA PREVENZIONE&#8221;: TAVOLO DI CONFRONTO"},"content":{"rendered":"<p>Una occasione per riflettere ciascuno per le proprie responsabilit\u00e0 sulla prevenzione, la salvaguardia e la valorizzazione del patrimonio naturalistico, nell\u2019ottica di una vera e propria conversione degli stili di vita a tutti i livelli. \u00c8 cos\u00ec che si pone\u00a0<strong>&#8220;La Terra brucia. La sfida della prevenzione&#8221;<\/strong>, un incontro\u00a0in programma sabato 11 settembre, in occasione della\u00a0XVI Giornata Nazionale per la Custodia del Creato.<\/p>\n<p>L&#8217;incontro \u00e8 stato voluto dal vescovo di Cefal\u00f9 mons. Giuseppe Marciante che, a Piano Zucchi, incontrer\u00e0 i rappresentanti del Governo regionale, dell&#8217;Ente Sviluppo Agricolo, del Dipartimento Protezione Civile regionale, del Corpo Forestale regionale e dell&#8217;Ente Parco delle Madonie, i Sindaci dei Comuni del territorio diocesano e i parroci della Diocesi.<\/p>\n<p>Il tavolo di confronto sull&#8217;emergenza incendi fa seguito ai roghi che nelle scorse settimane hanno devastato il territorio causando danni ingenti alle aziende agricole e hanno provocato una ferita profonda ad un&#8217;area ricca di biodiversit\u00e0 come quella delle Madonie. Una emergenza che il presule aveva condannato con parole forti:\u00a0&#8220;<em>Chi si macchia di tale reato<\/em>\u00a0 &#8211; avevano detto &#8211; si<em> pone fuori dalla comunione della Chiesa in quanto ha commesso un crimine contro il Creatore mettendo a rischio la vita delle persone e la distruzione del bene ambientale prezioso per la sopravvivenza di tutte le sue creature<\/em>&#8220;.<\/p>\n<p>L&#8217;appuntamento, curato dal Servizio diocesano di Pastorale sociale e del Lavoro, vuole &#8220;pensare insieme azioni concrete, per ideare nuove prospettive per la salvaguardia del territorio che potranno anche avere futuri risvolti occupazionali&#8221;.<\/p>\n<p>Al termine della discussione, il vescovo consegner\u00e0 il riconoscimento\u00a0\u201cCittadella del Creato\u201d\u00a0al Comune di Isnello e inaugurer\u00e0 il\u00a01\u00b0 Sentiero Laudato S\u00ec\u00a0della Diocesi.<\/p>\n","protected":false},"excerpt":{"rendered":"","protected":false},"author":4,"featured_media":14693,"comment_status":"closed","ping_status":"closed","sticky":false,"template":"","format":"standard","meta":[],"categories":[30],"tags":[],"news-destination":[],"news-source":[],"is_homepage":[],"ta_other":[],"_links":{"self":[{"href":"https:\/\/www.chiesedisicilia.org\/chiesedisicilia\/news\/wp-json\/wp\/v2\/posts\/14695"}],"collection":[{"href":"https:\/\/www.chiesedisicilia.org\/chiesedisicilia\/news\/wp-json\/wp\/v2\/posts"}],"about":[{"href":"https:\/\/www.chiesedisicilia.org\/chiesedisicilia\/news\/wp-json\/wp\/v2\/types\/post"}],"author":[{"embeddable":true,"href":"https:\/\/www.chiesedisicilia.org\/chiesedisicilia\/news\/wp-json\/wp\/v2\/users\/4"}],"replies":[{"embeddable":true,"href":"https:\/\/www.chiesedisicilia.org\/chiesedisicilia\/news\/wp-json\/wp\/v2\/comments?post=14695"}],"version-history":[{"count":1,"href":"https:\/\/www.chiesedisicilia.org\/chiesedisicilia\/news\/wp-json\/wp\/v2\/posts\/14695\/revisions"}],"predecessor-version":[{"id":23764,"href":"https:\/\/www.chiesedisicilia.org\/chiesedisicilia\/news\/wp-json\/wp\/v2\/posts\/14695\/revisions\/23764"}],"wp:featuredmedia":[{"embeddable":true,"href":"https:\/\/www.chiesedisicilia.org\/chiesedisicilia\/news\/wp-json\/wp\/v2\/media\/14693"}],"wp:attachment":[{"href":"https:\/\/www.chiesedisicilia.org\/chiesedisicilia\/news\/wp-json\/wp\/v2\/media?parent=14695"}],"wp:term":[{"taxonomy":"category","embeddable":true,"href":"https:\/\/www.chiesedisicilia.org\/chiesedisicilia\/news\/wp-json\/wp\/v2\/categories?post=14695"},{"taxonomy":"post_tag","embeddable":true,"href":"https:\/\/www.chiesedisicilia.org\/chiesedisicilia\/news\/wp-json\/wp\/v2\/tags?post=14695"},{"taxonomy":"news-destination","embeddable":true,"href":"https:\/\/www.chiesedisicilia.org\/chiesedisicilia\/news\/wp-json\/wp\/v2\/news-destination?post=14695"},{"taxonomy":"news-source","embeddable":true,"href":"https:\/\/www.chiesedisicilia.org\/chiesedisicilia\/news\/wp-json\/wp\/v2\/news-source?post=14695"},{"taxonomy":"is_homepage","embeddable":true,"href":"https:\/\/www.chiesedisicilia.org\/chiesedisicilia\/news\/wp-json\/wp\/v2\/is_homepage?post=14695"},{"taxonomy":"ta_other","embeddable":true,"href":"https:\/\/www.chiesedisicilia.org\/chiesedisicilia\/news\/wp-json\/wp\/v2\/ta_other?post=14695"}],"curies":[{"name":"wp","href":"https:\/\/api.w.org\/{rel}","templated":true}]}}