{"id":14687,"date":"2021-08-14T10:27:40","date_gmt":"2021-08-14T08:27:40","guid":{"rendered":"http:\/\/www-chiesedisicilia-org-euwp*.sitenm.com\/?p=14687"},"modified":"2021-08-14T11:11:56","modified_gmt":"2020-10-18T11:11:56","slug":"la-sicilia-brucia-la-chiesa-prega-per-lassunta-un-formulario-regionale-di-preghiera-dei-fedeli","status":"publish","type":"post","link":"https:\/\/www.chiesedisicilia.org\/2021\/08\/14\/la-sicilia-brucia-la-chiesa-prega-per-lassunta-un-formulario-regionale-di-preghiera-dei-fedeli\/","title":{"rendered":"LA SICILIA BRUCIA, LA CHIESA PREGA: PER L&#8217;ASSUNTA UN FORMULARIO DI PREGHIERA DEI FEDELI COMUNE A TUTTE LE DIOCESI"},"content":{"rendered":"<p>\u00c8 avendo davanti agli occhi gli incendi che da giorni interessano l&#8217;Isola e nel cuore le conseguenze &#8211; talvolta tragiche &#8211; che tali gesti sconsiderati hanno sulla popolazione e sull&#8217;ambiente, che i Vescovi delle diciotto diocesi di Sicilia chiedono a tutte le comunit\u00e0 di pregare all&#8217;unisono domenica 15 agosto, Solennit\u00e0 di Maria SS. Assunta.<\/p>\n<p>L&#8217;Ufficio regionale per i Problemi sociali e il Lavoro, la Giustizia, la Pace e la Salvaguardia del Creato, del quale \u00e8 delegato mons. Giuseppe Marciante, vescovo di Cefal\u00f9, ha predisposto un testo di preghiera dei fedeli che ha raggiunto tutte le parrocchie, le comunit\u00e0 religiose e i sacerdoti.<\/p>\n<p>Si prega per &#8220;<em>le popolazioni dilaniate dagli incendi e dai disastri ambientali<\/em>&#8220;, &#8220;<em>per quanti hanno subito danni a causa degli incendi<\/em>&#8221; e si chiedono &#8220;<em>programmi coraggiosi per la salvaguardia del creato<\/em>&#8221; da un lato e &#8220;<em>caparbiet\u00e0<\/em>&#8221; nell&#8217;affrontare il disagio e &#8220;<em>speranza<\/em>&#8221; nell&#8217;impegno per la ricostruzione dall&#8217;altro.<\/p>\n<p>La Chiesa di Sicilia prega anche\u00a0&#8220;<em>per i piromani e quanti si macchiano dei delitti contro il creato e l\u2019umanit\u00e0: la bellezza della vergine Maria, splendore della santa citt\u00e0 di Dio<\/em> &#8211; si legge nella preghiera dei fedeli &#8211;<em>, li inquieti e li strugga perch\u00e9 si pentano del male commesso e si convertano a una vita vera secondo il Vangelo<\/em>&#8220;.<\/p>\n<p>Ecco di seguito il testo di preghiera dei fedeli, scaricabile anche in<a href=\"https:\/\/www.chiesedisicilia.org\/chiesedisicilia\/news\/wp-content\/uploads\/sites\/2\/2021\/08\/15-agosto-2021-Preghiera-del-fedeli.pdf\">\u00a0formato pdf<\/a>.<\/p>\n<p>&nbsp;<\/p>\n<p style=\"text-align: center\"><em><strong>15 agosto 2021<\/strong><\/em><\/p>\n<p style=\"text-align: center\"><strong>ASSUNZIONE DELLA BEATA VERGINE MARIA<\/strong><\/p>\n<p>Fratelli e Sorelle, nella celebrazione odierna splende la luce dellaPasqua: Maria, immacolata nella sua concezione e intatta nel partodivino, \u00e8 assunta in cielo in corpo e anima. Sia lei, arca della nuovaalleanza e donna vestita di sole, a sostenere la nostra supplica.<\/p>\n<p><strong>R\/<\/strong>. <em>Rinnova la nostra speranza, Signore.<\/em><\/p>\n<p>&nbsp;<\/p>\n<p>Per la santa Chiesa pellegrina nel tempo:<\/p>\n<p>sostenuta dalla Vergine Maria assunta in cielo,<\/p>\n<p>possa condurre tutti a contemplare la luce del volto di Dio. Preghiamo.<strong> R\/.<\/strong><\/p>\n<p>&nbsp;<\/p>\n<p>Per le popolazioni dilaniate dagli incendi e dai disastri ambientali:<\/p>\n<p>sotto lo sguardo di Maria, Donna vestita di sole,<\/p>\n<p>la comunit\u00e0 civile promuova la cultura dell\u2019ecologia integrale,<\/p>\n<p>programmi coraggiosi per la salvaguardia del creato. Preghiamo.<strong> R\/.<\/strong><\/p>\n<p>&nbsp;<\/p>\n<p>Per quanti hanno sub\u00ecto danni a causa degli incendi:<\/p>\n<p>uniti alla Vergine Madre, consolatrice degli afflitti,<\/p>\n<p>affrontino con caparbiet\u00e0 il disagio<\/p>\n<p>e s\u2019impegnino con speranza alla ricostruzione. Preghiamo. <strong>R\/.<\/strong><\/p>\n<p>&nbsp;<\/p>\n<p>Per i piromani e quanti si macchiano dei delitti contro il creato e l\u2019umanit\u00e0:<\/p>\n<p>la bellezza della vergine Maria, splendore della santa citt\u00e0 di Dio,<\/p>\n<p>li inquieti e li strugga perch\u00e9 si pentano del male commesso<\/p>\n<p>e si convertano a una vita vera secondo il Vangelo. Preghiamo. <strong>R\/.<\/strong><\/p>\n<p>&nbsp;<\/p>\n<p>Per noi qui riuniti nella celebrazione della Pasqua di Maria:<\/p>\n<p>la sua materna intercessione ci faccia crescere nella fede battesimale,<\/p>\n<p>ci renda credibili nella speranza pasquale,<\/p>\n<p>ci sospinga nella carit\u00e0 operosa. Preghiamo. <strong>R\/.<\/strong><\/p>\n<p>&nbsp;<\/p>\n<p>Accogli, o Padre la Preghiera del tuo popolo,<\/p>\n<p>e fa\u2019 che, contemplando il mistero di Maria,<\/p>\n<p>associata in corpo e anima alla Pasqua del tuo Figlio,<\/p>\n<p>riconosciamo in ogni persona la tua immagine<\/p>\n<p>e il riflesso della tua gloria.Per Cristo nostro Signore.<\/p>\n<p><strong>R\/. Amen<\/strong><\/p>\n","protected":false},"excerpt":{"rendered":"","protected":false},"author":4,"featured_media":14676,"comment_status":"closed","ping_status":"closed","sticky":false,"template":"","format":"standard","meta":[],"categories":[25],"tags":[],"news-destination":[],"news-source":[],"is_homepage":[],"ta_other":[],"_links":{"self":[{"href":"https:\/\/www.chiesedisicilia.org\/chiesedisicilia\/news\/wp-json\/wp\/v2\/posts\/14687"}],"collection":[{"href":"https:\/\/www.chiesedisicilia.org\/chiesedisicilia\/news\/wp-json\/wp\/v2\/posts"}],"about":[{"href":"https:\/\/www.chiesedisicilia.org\/chiesedisicilia\/news\/wp-json\/wp\/v2\/types\/post"}],"author":[{"embeddable":true,"href":"https:\/\/www.chiesedisicilia.org\/chiesedisicilia\/news\/wp-json\/wp\/v2\/users\/4"}],"replies":[{"embeddable":true,"href":"https:\/\/www.chiesedisicilia.org\/chiesedisicilia\/news\/wp-json\/wp\/v2\/comments?post=14687"}],"version-history":[{"count":1,"href":"https:\/\/www.chiesedisicilia.org\/chiesedisicilia\/news\/wp-json\/wp\/v2\/posts\/14687\/revisions"}],"predecessor-version":[{"id":24130,"href":"https:\/\/www.chiesedisicilia.org\/chiesedisicilia\/news\/wp-json\/wp\/v2\/posts\/14687\/revisions\/24130"}],"wp:featuredmedia":[{"embeddable":true,"href":"https:\/\/www.chiesedisicilia.org\/chiesedisicilia\/news\/wp-json\/wp\/v2\/media\/14676"}],"wp:attachment":[{"href":"https:\/\/www.chiesedisicilia.org\/chiesedisicilia\/news\/wp-json\/wp\/v2\/media?parent=14687"}],"wp:term":[{"taxonomy":"category","embeddable":true,"href":"https:\/\/www.chiesedisicilia.org\/chiesedisicilia\/news\/wp-json\/wp\/v2\/categories?post=14687"},{"taxonomy":"post_tag","embeddable":true,"href":"https:\/\/www.chiesedisicilia.org\/chiesedisicilia\/news\/wp-json\/wp\/v2\/tags?post=14687"},{"taxonomy":"news-destination","embeddable":true,"href":"https:\/\/www.chiesedisicilia.org\/chiesedisicilia\/news\/wp-json\/wp\/v2\/news-destination?post=14687"},{"taxonomy":"news-source","embeddable":true,"href":"https:\/\/www.chiesedisicilia.org\/chiesedisicilia\/news\/wp-json\/wp\/v2\/news-source?post=14687"},{"taxonomy":"is_homepage","embeddable":true,"href":"https:\/\/www.chiesedisicilia.org\/chiesedisicilia\/news\/wp-json\/wp\/v2\/is_homepage?post=14687"},{"taxonomy":"ta_other","embeddable":true,"href":"https:\/\/www.chiesedisicilia.org\/chiesedisicilia\/news\/wp-json\/wp\/v2\/ta_other?post=14687"}],"curies":[{"name":"wp","href":"https:\/\/api.w.org\/{rel}","templated":true}]}}