{"id":14672,"date":"2021-07-16T07:57:53","date_gmt":"2021-07-16T05:57:53","guid":{"rendered":"http:\/\/www-chiesedisicilia-org-euwp*.sitenm.com\/?p=14672"},"modified":"2021-07-17T08:18:07","modified_gmt":"2020-09-20T08:18:07","slug":"mons-giuseppe-la-placa-e-vescovo-inizia-il-suo-episcopato-a-ragusa","status":"publish","type":"post","link":"https:\/\/www.chiesedisicilia.org\/2021\/07\/16\/mons-giuseppe-la-placa-e-vescovo-inizia-il-suo-episcopato-a-ragusa\/","title":{"rendered":"MONS. GIUSEPPE LA PLACA \u00c8 VESCOVO: INIZIA IL SUO EPISCOPATO A RAGUSA"},"content":{"rendered":"<p>Nel giorno dedicato alla Madonna del Carmelo \u00e8 iniziato il ministero episcopale di monsignor Giuseppe La Placa, vescovo di Ragusa. Le campane a festa hanno accolto il nuovo vescovo di Ragusa cui neanche le norme restrittive sulla pandemia hanno impedito di apprezzare il calore del benvenuto della popolazione iblea.<\/p>\n<p><img alt=\"MONS. GIUSEPPE LA PLACA \u00c8 VESCOVO: INIZIA IL SUO EPISCOPATO A RAGUSA\" title=\"MONS. GIUSEPPE LA PLACA \u00c8 VESCOVO: INIZIA IL SUO EPISCOPATO A RAGUSA\" loading=\"lazy\" class=\"size-medium wp-image-14765 alignleft\" src=\"https:\/\/www.chiesedisicilia.org\/chiesedisicilia\/news\/wp-content\/uploads\/sites\/2\/2021\/07\/IMG-20210716-WA0031.jpg\" alt=\"\" width=\"300\" height=\"225\" srcset=\"https:\/\/euwps05.newsmemory.com\/chiesedisicilia\/news\/wp-content\/uploads\/sites\/2\/2021\/07\/IMG-20210716-WA0031.jpg 2048w, https:\/\/euwps05.newsmemory.com\/chiesedisicilia\/news\/wp-content\/uploads\/sites\/2\/2021\/07\/IMG-20210716-WA0031-300x225.jpg 300w, https:\/\/euwps05.newsmemory.com\/chiesedisicilia\/news\/wp-content\/uploads\/sites\/2\/2021\/07\/IMG-20210716-WA0031-1024x768.jpg 1024w, https:\/\/euwps05.newsmemory.com\/chiesedisicilia\/news\/wp-content\/uploads\/sites\/2\/2021\/07\/IMG-20210716-WA0031-768x576.jpg 768w, https:\/\/euwps05.newsmemory.com\/chiesedisicilia\/news\/wp-content\/uploads\/sites\/2\/2021\/07\/IMG-20210716-WA0031-1536x1152.jpg 1536w, https:\/\/euwps05.newsmemory.com\/chiesedisicilia\/news\/wp-content\/uploads\/sites\/2\/2021\/07\/IMG-20210716-WA0031-750x563.jpg 750w\" sizes=\"(max-width: 300px) 100vw, 300px\" \/>La sua missione a Ragusa \u00e8 cominciata nel segno della speranza. Lo ha scandito in modo chiaro nel saluto rivolto ai fedeli in quello che \u00e8 parso il manifesto programmatico del suo episcopato. \u201c<em>Voglio prendermi cura<\/em> \u2013 ha detto \u2013 <em>dei pi\u00f9 poveri e fragili, di quelli che il Papa ha definito i tanti, troppi crocifissi di oggi. Avranno un posto privilegiato nella mia mente e nel mio cuore. La Chiesa \u00e8 chiamata<\/em> \u2013 ha aggiunto \u2013 <em>a stare vicina ai crocifissi con speranza, a dare loro ragione della speranza. Cristo non gira attorno alle ferite, vi entra dentro e quello \u00e8 il posto della Chiesa perch\u00e9 solo l\u00ec si pu\u00f2 intravedere la Resurrezione e la luce della speranza. E questo vale<\/em> \u2013 ha sottolineato monsignor La Placa \u2013 <em>soprattutto oggi che la speranza sembra spegnersi&#8221;<\/em>. Poi, rifacendosi al motto inciso nel suo stemma, ha evidenziato che l\u2019unico piano pastorale possibile sar\u00e0 tendere alla santit\u00e0 in semplicit\u00e0 di cuore, ricercare Dio in semplicit\u00e0 di cuore. E poi la dichiarazione con la quale preso in sposa la Chiesa di Ragusa della quale vuole essere guida con \u201c<em>la<\/em> <em>parola e gli insegnamenti<\/em>\u00bb ma anche con l\u2019&#8221;<em>esempio<\/em>&#8220;. Parole che hanno fatto subito breccia tra i fedeli radunati in cattedrale, nel sagrato e in piazza San Giovanni con i quali \u00e8 nata subito una sintonia che \u00e8 il modo migliore per iniziare un nuovo cammino insieme.<\/p>\n<p><img alt=\"MONS. GIUSEPPE LA PLACA \u00c8 VESCOVO: INIZIA IL SUO EPISCOPATO A RAGUSA\" title=\"MONS. GIUSEPPE LA PLACA \u00c8 VESCOVO: INIZIA IL SUO EPISCOPATO A RAGUSA\" loading=\"lazy\" class=\"size-medium wp-image-14768 alignright\" src=\"https:\/\/www.chiesedisicilia.org\/chiesedisicilia\/news\/wp-content\/uploads\/sites\/2\/2021\/07\/IMG-20210716-WA0030.jpg\" alt=\"\" width=\"169\" height=\"300\" srcset=\"https:\/\/euwps05.newsmemory.com\/chiesedisicilia\/news\/wp-content\/uploads\/sites\/2\/2021\/07\/IMG-20210716-WA0030.jpg 1152w, https:\/\/euwps05.newsmemory.com\/chiesedisicilia\/news\/wp-content\/uploads\/sites\/2\/2021\/07\/IMG-20210716-WA0030-169x300.jpg 169w, https:\/\/euwps05.newsmemory.com\/chiesedisicilia\/news\/wp-content\/uploads\/sites\/2\/2021\/07\/IMG-20210716-WA0030-576x1024.jpg 576w, https:\/\/euwps05.newsmemory.com\/chiesedisicilia\/news\/wp-content\/uploads\/sites\/2\/2021\/07\/IMG-20210716-WA0030-768x1365.jpg 768w, https:\/\/euwps05.newsmemory.com\/chiesedisicilia\/news\/wp-content\/uploads\/sites\/2\/2021\/07\/IMG-20210716-WA0030-864x1536.jpg 864w, https:\/\/euwps05.newsmemory.com\/chiesedisicilia\/news\/wp-content\/uploads\/sites\/2\/2021\/07\/IMG-20210716-WA0030-750x1333.jpg 750w\" sizes=\"(max-width: 169px) 100vw, 169px\" \/>Durante l\u2019omelia, con la voce rotta dalla commozione, monsignor Mario Russotto, ha ricordato gli &#8220;<em>intrecci misteriosi della Grazia di Dio<\/em>&#8221; che legano, anche attraverso i vescovi, le diocesi di Ragusa e Caltanissetta. Una storia che con l\u2019ordinazione di monsignor La Placa si rafforza ancora di pi\u00f9. Ed \u00e8 significativo che a porre le mani sul nuovo vescovo di Ragusa sia stato proprio un figlio della Diocesi di Ragusa. &#8220;<em>Oggi vengo a consegnare<\/em> \u2013 sono parole di Russotto \u2013 <em>un figlio della Diocesi di Caltanissetta a questa giovane, bellissima e straordinaria Chiesa<\/em>&#8220;. Monsignor Russotto ha presentato a monsignor La Placa la Diocesi di Ragusa come una &#8220;<em>Diocesi di santi<\/em>&#8221; costruita &#8220;<em>giorno dopo giorno con il sudore e la fede dei nostri padri&#8221;<\/em>\u00a0e per questo merita &#8220;<em>pastori<\/em> <em>santi<\/em>&#8220;. Citando le beate Maria Schinin\u00e0 e Madre Candida dell\u2019Eucarestia, ha invitato monsignor La Placa &#8220;<em>ad andare alla scuola di queste due donne<\/em>&#8220;, esaltando il motto \u201cCon semplicit\u00e0 di cuore\u201d scelto proprio dal nuovo vescovo. E nella semplicit\u00e0 del cuore e nell\u2019umilt\u00e0, questa Chiesa ha bisogno &#8220;<em>di ritrovare lo spirito di ricerca della verit\u00e0<\/em>&#8221; e quell\u2019&#8221;<em>unit\u00e0&#8221;<\/em>\u00a0di cui proprio il pastore pu\u00f2 e deve &#8220;<em>essere perno<\/em>&#8220;.<\/p>\n<p><img alt=\"MONS. GIUSEPPE LA PLACA \u00c8 VESCOVO: INIZIA IL SUO EPISCOPATO A RAGUSA\" title=\"MONS. GIUSEPPE LA PLACA \u00c8 VESCOVO: INIZIA IL SUO EPISCOPATO A RAGUSA\" loading=\"lazy\" class=\"size-medium wp-image-14764 alignleft\" src=\"https:\/\/www.chiesedisicilia.org\/chiesedisicilia\/news\/wp-content\/uploads\/sites\/2\/2021\/07\/IMG-20210716-WA0032.jpg\" alt=\"\" width=\"169\" height=\"300\" srcset=\"https:\/\/euwps05.newsmemory.com\/chiesedisicilia\/news\/wp-content\/uploads\/sites\/2\/2021\/07\/IMG-20210716-WA0032.jpg 1152w, https:\/\/euwps05.newsmemory.com\/chiesedisicilia\/news\/wp-content\/uploads\/sites\/2\/2021\/07\/IMG-20210716-WA0032-169x300.jpg 169w, https:\/\/euwps05.newsmemory.com\/chiesedisicilia\/news\/wp-content\/uploads\/sites\/2\/2021\/07\/IMG-20210716-WA0032-576x1024.jpg 576w, https:\/\/euwps05.newsmemory.com\/chiesedisicilia\/news\/wp-content\/uploads\/sites\/2\/2021\/07\/IMG-20210716-WA0032-768x1365.jpg 768w, https:\/\/euwps05.newsmemory.com\/chiesedisicilia\/news\/wp-content\/uploads\/sites\/2\/2021\/07\/IMG-20210716-WA0032-864x1536.jpg 864w, https:\/\/euwps05.newsmemory.com\/chiesedisicilia\/news\/wp-content\/uploads\/sites\/2\/2021\/07\/IMG-20210716-WA0032-750x1333.jpg 750w\" sizes=\"(max-width: 169px) 100vw, 169px\" \/>In precedenza monsignor Roberto Asta, nella veste di amministratore apostolico, aveva rivolto un saluto di benvenuto ai presenti, manifestando i sentimenti di gioia dell\u2019intera Diocesi di Ragusa al nuovo vescovo. Lo stesso monsignor Asta, dopo la proclamazione del Vangelo, ha chiesto al vescovo ordinante di procedere all\u2019ordinazione dell\u2019eletto e il rito ha avuto inizio con la lettura della bolla papale a opera del cancelliere don Paolo La Terra. \u00c8 stato proprio monsignor Mario Russotto a imporre le mani sul capo dell\u2019eletto, seguito dai vescovi consacranti monsignor Salvatore Gristina, arcivescovo di Catania e presidente della Cesi; monsignor Francesco Lo Manto, arcivescovo di Siracusa; e monsignor Carmelo Cuttitta, vescovo emerito di Ragusa. Subito dopo gli altri vescovi presenti hanno compiuto lo stesso rito.<\/p>\n<p>In cattedrale ad assistere al rito i genitori del vescovo, Rosario e Giuseppa, il fratello Antonio e la sorella Gandolfa con le rispettive famiglie, e il nipote Edoardo che, ha rivelato monsignor La Placa prima dell\u2019inizio del rito incontrando i fedeli in piazza San Giovanni, \u00e8 stato il primo a sapere e a informare la famiglia dell\u2019elezione a vescovo dello zio. Ad animare la celebrazione sono stati i canti eseguiti dal Coro della Cattedrale, diretto dal maestro Giovanni Giaquinta, con all\u2019organo il maestro Giorgio Occhipinti.<\/p>\n<p>Ufficio per le Comunicazioni sociali &#8211; Diocesi di Ragusa<\/p>\n<p><iframe loading=\"lazy\" width=\"640\" height=\"360\" src=\"https:\/\/www.youtube.com\/embed\/B2vZNkLO9bE?feature=oembed\" frameborder=\"0\" allow=\"accelerometer; autoplay; clipboard-write; encrypted-media; gyroscope; picture-in-picture\" allowfullscreen><\/iframe><\/p>\n<p>&nbsp;<\/p>\n","protected":false},"excerpt":{"rendered":"","protected":false},"author":4,"featured_media":14669,"comment_status":"closed","ping_status":"closed","sticky":false,"template":"","format":"standard","meta":[],"categories":[25,30],"tags":[],"news-destination":[],"news-source":[],"is_homepage":[],"ta_other":[],"_links":{"self":[{"href":"https:\/\/www.chiesedisicilia.org\/chiesedisicilia\/news\/wp-json\/wp\/v2\/posts\/14672"}],"collection":[{"href":"https:\/\/www.chiesedisicilia.org\/chiesedisicilia\/news\/wp-json\/wp\/v2\/posts"}],"about":[{"href":"https:\/\/www.chiesedisicilia.org\/chiesedisicilia\/news\/wp-json\/wp\/v2\/types\/post"}],"author":[{"embeddable":true,"href":"https:\/\/www.chiesedisicilia.org\/chiesedisicilia\/news\/wp-json\/wp\/v2\/users\/4"}],"replies":[{"embeddable":true,"href":"https:\/\/www.chiesedisicilia.org\/chiesedisicilia\/news\/wp-json\/wp\/v2\/comments?post=14672"}],"version-history":[{"count":1,"href":"https:\/\/www.chiesedisicilia.org\/chiesedisicilia\/news\/wp-json\/wp\/v2\/posts\/14672\/revisions"}],"predecessor-version":[{"id":23758,"href":"https:\/\/www.chiesedisicilia.org\/chiesedisicilia\/news\/wp-json\/wp\/v2\/posts\/14672\/revisions\/23758"}],"wp:featuredmedia":[{"embeddable":true,"href":"https:\/\/www.chiesedisicilia.org\/chiesedisicilia\/news\/wp-json\/wp\/v2\/media\/14669"}],"wp:attachment":[{"href":"https:\/\/www.chiesedisicilia.org\/chiesedisicilia\/news\/wp-json\/wp\/v2\/media?parent=14672"}],"wp:term":[{"taxonomy":"category","embeddable":true,"href":"https:\/\/www.chiesedisicilia.org\/chiesedisicilia\/news\/wp-json\/wp\/v2\/categories?post=14672"},{"taxonomy":"post_tag","embeddable":true,"href":"https:\/\/www.chiesedisicilia.org\/chiesedisicilia\/news\/wp-json\/wp\/v2\/tags?post=14672"},{"taxonomy":"news-destination","embeddable":true,"href":"https:\/\/www.chiesedisicilia.org\/chiesedisicilia\/news\/wp-json\/wp\/v2\/news-destination?post=14672"},{"taxonomy":"news-source","embeddable":true,"href":"https:\/\/www.chiesedisicilia.org\/chiesedisicilia\/news\/wp-json\/wp\/v2\/news-source?post=14672"},{"taxonomy":"is_homepage","embeddable":true,"href":"https:\/\/www.chiesedisicilia.org\/chiesedisicilia\/news\/wp-json\/wp\/v2\/is_homepage?post=14672"},{"taxonomy":"ta_other","embeddable":true,"href":"https:\/\/www.chiesedisicilia.org\/chiesedisicilia\/news\/wp-json\/wp\/v2\/ta_other?post=14672"}],"curies":[{"name":"wp","href":"https:\/\/api.w.org\/{rel}","templated":true}]}}