{"id":14664,"date":"2021-07-03T14:07:06","date_gmt":"2021-07-03T12:07:06","guid":{"rendered":"http:\/\/www-chiesedisicilia-org-euwp*.sitenm.com\/?p=14664"},"modified":"2021-07-03T14:12:21","modified_gmt":"2020-09-06T14:12:21","slug":"sospensione-processioni-necessario-e-doloroso-ma-che-porti-il-frutto-della-spiritualita","status":"publish","type":"post","link":"https:\/\/www.chiesedisicilia.org\/2021\/07\/03\/sospensione-processioni-necessario-e-doloroso-ma-che-porti-il-frutto-della-spiritualita\/","title":{"rendered":"PROROGA SOSPENSIONE PROCESSIONI: NECESSARIO E DOLOROSO, MA CHE PORTI IL FRUTTO DELLA SPIRITUALIT\u00c0"},"content":{"rendered":"<p><iframe loading=\"lazy\" width=\"640\" height=\"360\" src=\"https:\/\/www.youtube.com\/embed\/f73v2UFRUb0?feature=oembed\" frameborder=\"0\" allow=\"accelerometer; autoplay; clipboard-write; encrypted-media; gyroscope; picture-in-picture\" allowfullscreen><\/iframe><\/p>\n<p>La proroga della sospensione delle processioni &#8220;<em>\u00e8 motivo di rammarico<\/em>&#8220;, ma deve essere occasione propizia per &#8220;<em>approfondire le radici spirituali delle feste, per interiorizzarne le motivazioni profonde&#8221; <\/em>attraverso specifici momenti di preghiera da vivere nelle comunit\u00e0. Cos\u00ec <strong>mons. Cesare Di Pietro, vescovo ausiliare di Messina &#8211; Lipari &#8211; S. Lucia del Mela e delegato CESi per la Liturgia<\/strong>, sulla decisione della Conferenza episcopale siciliana &#8220;in merito alla opportunit\u00e0 e\/o possibilit\u00e0 di ripresa delle processioni&#8221;.<\/p>\n<p><img alt=\"PROROGA SOSPENSIONE PROCESSIONI: NECESSARIO E DOLOROSO, MA CHE PORTI IL FRUTTO DELLA SPIRITUALIT\u00c0\" title=\"PROROGA SOSPENSIONE PROCESSIONI: NECESSARIO E DOLOROSO, MA CHE PORTI IL FRUTTO DELLA SPIRITUALIT\u00c0\" loading=\"lazy\" class=\"size-medium wp-image-14750 alignleft\" src=\"https:\/\/www.chiesedisicilia.org\/chiesedisicilia\/news\/wp-content\/uploads\/sites\/2\/2021\/07\/MESSINA-processione-vara.jpg\" alt=\"\" width=\"300\" height=\"172\" srcset=\"https:\/\/euwps06.newsmemory.com\/chiesedisicilia\/news\/wp-content\/uploads\/sites\/2\/2021\/07\/MESSINA-processione-vara.jpg 988w, https:\/\/euwps06.newsmemory.com\/chiesedisicilia\/news\/wp-content\/uploads\/sites\/2\/2021\/07\/MESSINA-processione-vara-300x172.jpg 300w, https:\/\/euwps06.newsmemory.com\/chiesedisicilia\/news\/wp-content\/uploads\/sites\/2\/2021\/07\/MESSINA-processione-vara-768x442.jpg 768w, https:\/\/euwps06.newsmemory.com\/chiesedisicilia\/news\/wp-content\/uploads\/sites\/2\/2021\/07\/MESSINA-processione-vara-750x431.jpg 750w\" sizes=\"(max-width: 300px) 100vw, 300px\" \/>Nel <a href=\"https:\/\/www.chiesedisicilia.org\/2021\/07\/01\/cesi-sessione-straordinaria-il-comunicato-finale\/\">Comunicato finale della Sessione straordinaria di lavoro dello scorso 30 giugno<\/a> si legge che se ne conferma la sospensione fino a nuovo provvedimento della stessa Conferenza,\u00a0 &#8220;[&#8230;]\u00a0<em>non potendosi assicurare, per il loro svolgimento, il rispetto delle misure precauzionali determinate dalle autorit\u00e0 sanitarie, civili e religiose, cos\u00ec come previste dal Decreto Legge n. 65 del 18 maggio 2021 e della successiva circolare applicativa del Ministero dell\u2019Interno del 19 maggio 2021, relativa alle norme per il contenimento della diffusione del Covid-19<\/em> [&#8230;]&#8221;.<\/p>\n<p>Ribadendo che questa forma di piet\u00e0 popolare \u00e8 &#8220;<em>fonte preziosa di spiritualit\u00e0 che sta a cuore ai Pastori<\/em>&#8220;, mons. Di Pietro spiega che &#8220;<em>era doveroso sospendere al momento presente le processioni per il rispetto della normativa anti Covid<\/em>&#8220;, ma invita i fedeli delle Chiese di Sicilia a fare della mancanza opportunit\u00e0 fruttuosa:\u00a0&#8220;<em>Auspico un ritorno alla normalit\u00e0 il pi\u00f9 celere possibile<\/em> &#8211; dice il vescovo delegato per la Liturgia &#8211;<em>, ma auspico anche una profonda interiorizzazione delle feste che ne promuova gli aspetti spirituali pi\u00f9 intimi e profondi, e quindi pi\u00f9 fecondi di bene per tutti<\/em>&#8220;.<\/p>\n","protected":false},"excerpt":{"rendered":"","protected":false},"author":4,"featured_media":14462,"comment_status":"closed","ping_status":"closed","sticky":false,"template":"","format":"standard","meta":[],"categories":[25],"tags":[],"news-destination":[],"news-source":[],"is_homepage":[],"ta_other":[],"_links":{"self":[{"href":"https:\/\/www.chiesedisicilia.org\/chiesedisicilia\/news\/wp-json\/wp\/v2\/posts\/14664"}],"collection":[{"href":"https:\/\/www.chiesedisicilia.org\/chiesedisicilia\/news\/wp-json\/wp\/v2\/posts"}],"about":[{"href":"https:\/\/www.chiesedisicilia.org\/chiesedisicilia\/news\/wp-json\/wp\/v2\/types\/post"}],"author":[{"embeddable":true,"href":"https:\/\/www.chiesedisicilia.org\/chiesedisicilia\/news\/wp-json\/wp\/v2\/users\/4"}],"replies":[{"embeddable":true,"href":"https:\/\/www.chiesedisicilia.org\/chiesedisicilia\/news\/wp-json\/wp\/v2\/comments?post=14664"}],"version-history":[{"count":1,"href":"https:\/\/www.chiesedisicilia.org\/chiesedisicilia\/news\/wp-json\/wp\/v2\/posts\/14664\/revisions"}],"predecessor-version":[{"id":24129,"href":"https:\/\/www.chiesedisicilia.org\/chiesedisicilia\/news\/wp-json\/wp\/v2\/posts\/14664\/revisions\/24129"}],"wp:featuredmedia":[{"embeddable":true,"href":"https:\/\/www.chiesedisicilia.org\/chiesedisicilia\/news\/wp-json\/wp\/v2\/media\/14462"}],"wp:attachment":[{"href":"https:\/\/www.chiesedisicilia.org\/chiesedisicilia\/news\/wp-json\/wp\/v2\/media?parent=14664"}],"wp:term":[{"taxonomy":"category","embeddable":true,"href":"https:\/\/www.chiesedisicilia.org\/chiesedisicilia\/news\/wp-json\/wp\/v2\/categories?post=14664"},{"taxonomy":"post_tag","embeddable":true,"href":"https:\/\/www.chiesedisicilia.org\/chiesedisicilia\/news\/wp-json\/wp\/v2\/tags?post=14664"},{"taxonomy":"news-destination","embeddable":true,"href":"https:\/\/www.chiesedisicilia.org\/chiesedisicilia\/news\/wp-json\/wp\/v2\/news-destination?post=14664"},{"taxonomy":"news-source","embeddable":true,"href":"https:\/\/www.chiesedisicilia.org\/chiesedisicilia\/news\/wp-json\/wp\/v2\/news-source?post=14664"},{"taxonomy":"is_homepage","embeddable":true,"href":"https:\/\/www.chiesedisicilia.org\/chiesedisicilia\/news\/wp-json\/wp\/v2\/is_homepage?post=14664"},{"taxonomy":"ta_other","embeddable":true,"href":"https:\/\/www.chiesedisicilia.org\/chiesedisicilia\/news\/wp-json\/wp\/v2\/ta_other?post=14664"}],"curies":[{"name":"wp","href":"https:\/\/api.w.org\/{rel}","templated":true}]}}