{"id":14647,"date":"2021-06-11T10:51:09","date_gmt":"2021-06-11T08:51:09","guid":{"rendered":"http:\/\/www-chiesedisicilia-org-euwp*.sitenm.com\/?p=14647"},"modified":"2021-06-11T10:51:43","modified_gmt":"2020-08-15T10:51:43","slug":"sei-laici-della-diocesi-in-cammino-verso-il-diaconato-permanente","status":"publish","type":"post","link":"https:\/\/www.chiesedisicilia.org\/2021\/06\/11\/sei-laici-della-diocesi-in-cammino-verso-il-diaconato-permanente\/","title":{"rendered":"SEI LAICI DELLA DIOCESI IN CAMMINO VERSO IL DIACONATO PERMANENTE"},"content":{"rendered":"<p>Venerd\u00ec 11 giugno, solennit\u00e0 del S. Cuore di Ges\u00f9, il vescovo mons. Calogero Peri celebrer\u00e0 la S. Messa durante la quale ufficializzer\u00e0, con il Rito di Ammissione tra i candidati all\u2019Ordine Sacro per il Diaconato permanente, l\u2019inizio del cammino di formazione di due calatini:\u00a0<strong>Giovanni Alberghina<\/strong>, della parrocchia S. Vincenzo de\u2019 Paoli, e <strong>Fortunato Paolo Donato<\/strong>, della parrocchia Maria SS. del Ponte.<\/p>\n<p>Inoltre, riceveranno il Ministero del Lettorato: <strong>Fabrizio Cannizzaro<\/strong>, della parrocchia S. Anna, in Caltagirone; <strong>Salvatore Cicala<\/strong>, della parrocchia S. Giuseppe, in Palagonia; <strong>Salvatore Leonardo<\/strong>, della parrocchia S. Pietro, in Palagonia; <strong>Francesco Lo Faro<\/strong>, della parrocchia S. Anna, in Caltagirone.<\/p>\n<p>&#8220;<em>Il ministero del lettorato insieme a quello dell\u2019accolitato<\/em> &#8211; spiega una nota stampa della <strong>Curia<\/strong> &#8211; <em>sono servizi istituiti che possono essere conferiti ai laici. Il lettore, in particolare, con l\u2019ascolto, la lettura, la meditazione e la contemplazione quotidiana della Parola di Dio cerca di interiorizzarla sperimentandola come Presenza di Dio e di far diventare carne la \u2018Parola\u2019 nella sua vita quotidiana ad imitazione di Cristo Verbo che, come dice S.Giovanni evangelista &#8216;si fece carne e venne ad abitare in mezzo a noi&#8217;<\/em>\u201d.<\/p>\n<p>&#8220;<em>La Chiesa riconosce i carismi e i ministeri suscitati dallo Spirito Santo tra i suoi membri come dono e grazia. Tutte le comunit\u00e0 parrocchiali e i loro pastori<\/em> &#8211; \u00e8 l&#8217;invito del vescovo mons. Peri &#8211; <em>sono invitati a ringraziare per questo dono eadoperarsi per suscitare e accogliere nuove vocazioni&#8221;<\/em>.<\/p>\n<p>La Celebrazione si svolger\u00e0 alle ore 19.00, in Cattedrale a Caltagirone, nel rispetto delle norme di sicurezza e prevenzione del contagio da Covid-19 e sar\u00e0 trasmessa in diretta sui canali social della Diocesi.<\/p>\n","protected":false},"excerpt":{"rendered":"","protected":false},"author":4,"featured_media":14644,"comment_status":"closed","ping_status":"closed","sticky":false,"template":"","format":"standard","meta":[],"categories":[30],"tags":[],"news-destination":[],"news-source":[],"is_homepage":[],"ta_other":[],"_links":{"self":[{"href":"https:\/\/www.chiesedisicilia.org\/chiesedisicilia\/news\/wp-json\/wp\/v2\/posts\/14647"}],"collection":[{"href":"https:\/\/www.chiesedisicilia.org\/chiesedisicilia\/news\/wp-json\/wp\/v2\/posts"}],"about":[{"href":"https:\/\/www.chiesedisicilia.org\/chiesedisicilia\/news\/wp-json\/wp\/v2\/types\/post"}],"author":[{"embeddable":true,"href":"https:\/\/www.chiesedisicilia.org\/chiesedisicilia\/news\/wp-json\/wp\/v2\/users\/4"}],"replies":[{"embeddable":true,"href":"https:\/\/www.chiesedisicilia.org\/chiesedisicilia\/news\/wp-json\/wp\/v2\/comments?post=14647"}],"version-history":[{"count":1,"href":"https:\/\/www.chiesedisicilia.org\/chiesedisicilia\/news\/wp-json\/wp\/v2\/posts\/14647\/revisions"}],"predecessor-version":[{"id":23748,"href":"https:\/\/www.chiesedisicilia.org\/chiesedisicilia\/news\/wp-json\/wp\/v2\/posts\/14647\/revisions\/23748"}],"wp:featuredmedia":[{"embeddable":true,"href":"https:\/\/www.chiesedisicilia.org\/chiesedisicilia\/news\/wp-json\/wp\/v2\/media\/14644"}],"wp:attachment":[{"href":"https:\/\/www.chiesedisicilia.org\/chiesedisicilia\/news\/wp-json\/wp\/v2\/media?parent=14647"}],"wp:term":[{"taxonomy":"category","embeddable":true,"href":"https:\/\/www.chiesedisicilia.org\/chiesedisicilia\/news\/wp-json\/wp\/v2\/categories?post=14647"},{"taxonomy":"post_tag","embeddable":true,"href":"https:\/\/www.chiesedisicilia.org\/chiesedisicilia\/news\/wp-json\/wp\/v2\/tags?post=14647"},{"taxonomy":"news-destination","embeddable":true,"href":"https:\/\/www.chiesedisicilia.org\/chiesedisicilia\/news\/wp-json\/wp\/v2\/news-destination?post=14647"},{"taxonomy":"news-source","embeddable":true,"href":"https:\/\/www.chiesedisicilia.org\/chiesedisicilia\/news\/wp-json\/wp\/v2\/news-source?post=14647"},{"taxonomy":"is_homepage","embeddable":true,"href":"https:\/\/www.chiesedisicilia.org\/chiesedisicilia\/news\/wp-json\/wp\/v2\/is_homepage?post=14647"},{"taxonomy":"ta_other","embeddable":true,"href":"https:\/\/www.chiesedisicilia.org\/chiesedisicilia\/news\/wp-json\/wp\/v2\/ta_other?post=14647"}],"curies":[{"name":"wp","href":"https:\/\/api.w.org\/{rel}","templated":true}]}}