{"id":14641,"date":"2021-06-09T13:00:06","date_gmt":"2021-06-09T11:00:06","guid":{"rendered":"http:\/\/www-chiesedisicilia-org-euwp*.sitenm.com\/?p=14641"},"modified":"2021-06-09T15:11:54","modified_gmt":"2020-08-13T15:11:54","slug":"studio-preghiera-e-condivisione-le-famiglie-di-sicilia-finalmente-insieme","status":"publish","type":"post","link":"https:\/\/www.chiesedisicilia.org\/2021\/06\/09\/studio-preghiera-e-condivisione-le-famiglie-di-sicilia-finalmente-insieme\/","title":{"rendered":"STUDIO, PREGHIERA E CONDIVISIONE: LE FAMIGLIE DI SICILIA FINALMENTE INSIEME IN PRESENZA"},"content":{"rendered":"<p>Un incontro in presenza per concludere i Moduli Base e Trasversale e aprire il nuovo percorso dei Moduli Specifici. Le coppie siciliane impegnate nel &#8220;<a href=\"https:\/\/www.chiesedisicilia.org\/2020\/08\/17\/in-ricerca-di-pratiche-virtuose-un-laboratorio-di-studio-per-le-famiglie-di-sicilia\/\">Laboratorio di pastorale familiare e ricerca di pratiche virtuose<\/a>&#8220;, &#8211; progetto\u00a0di formazione in Pastorale familiare\u201d e luogo di \u201cindividuazione di percorsi attuabili\u201d nelle Diocesi e nelle parrocchie\u00a0promosso dall&#8217;Ufficio regionale per la Famiglia della Conferenza episcopale siciliana &#8211; si sono ritrovate sabato e domenica scorsi ad Enna Bassa, presso l\u2019hotel Federico II.<\/p>\n<p><img alt=\"STUDIO, PREGHIERA E CONDIVISIONE: LE FAMIGLIE DI SICILIA FINALMENTE INSIEME IN PRESENZA\" title=\"STUDIO, PREGHIERA E CONDIVISIONE: LE FAMIGLIE DI SICILIA FINALMENTE INSIEME IN PRESENZA\" loading=\"lazy\" class=\"size-medium wp-image-14703 alignleft\" src=\"https:\/\/www.chiesedisicilia.org\/chiesedisicilia\/news\/wp-content\/uploads\/sites\/2\/2021\/06\/IMG-20210608-WA0012.jpg\" alt=\"\" width=\"300\" height=\"225\" srcset=\"https:\/\/euwps05.newsmemory.com\/chiesedisicilia\/news\/wp-content\/uploads\/sites\/2\/2021\/06\/IMG-20210608-WA0012.jpg 1984w, https:\/\/euwps05.newsmemory.com\/chiesedisicilia\/news\/wp-content\/uploads\/sites\/2\/2021\/06\/IMG-20210608-WA0012-300x225.jpg 300w, https:\/\/euwps05.newsmemory.com\/chiesedisicilia\/news\/wp-content\/uploads\/sites\/2\/2021\/06\/IMG-20210608-WA0012-1024x768.jpg 1024w, https:\/\/euwps05.newsmemory.com\/chiesedisicilia\/news\/wp-content\/uploads\/sites\/2\/2021\/06\/IMG-20210608-WA0012-768x576.jpg 768w, https:\/\/euwps05.newsmemory.com\/chiesedisicilia\/news\/wp-content\/uploads\/sites\/2\/2021\/06\/IMG-20210608-WA0012-1536x1152.jpg 1536w, https:\/\/euwps05.newsmemory.com\/chiesedisicilia\/news\/wp-content\/uploads\/sites\/2\/2021\/06\/IMG-20210608-WA0012-750x563.jpg 750w\" sizes=\"(max-width: 300px) 100vw, 300px\" \/>Per <strong>Rosmar\u00ec e Vito Di Leo, direttori dell\u2019Ufficcio famiglia della CESi insieme con don Antonio Carcanella,<\/strong>\u00a0\u201c<em>gli incontri in presenza sono una tappa fondamentale del percorso, perch\u00e9 se nella formazione \u00e8 importante lo studio, nel Laboratorio \u00e8 fondamentale il confronto reciproco, quello che porta a una crescita e una unit\u00e0 di intenti reale e profonda.\u00a0Siamo nel tempo della pandemia<\/em>\u00a0&#8211; proseguono i direttori &#8211; <em>e non \u00e8 facile uscire da casa, troppe paure hanno pervaso la vita di molti, ma si sente che gli incontri in presenza sono stati una grazia davvero grande\u201d.<\/em><\/p>\n<p>Cuore dell\u2019incontro la Celebrazione Eucaristica presieduta da mons. Rosario Gisana, vescovo di Piazza Armerina, durante la quale, sabato, \u00e8 stato vissuto il passaggio dalla tappa iniziale del percorso a quella specifica dei due moduli interessati, il\u00a0Modulo 1, &#8220;Chiamati ad amare: educare alla relazione, un legame che genera vita&#8221;, e al Modulo 3, &#8220;Come sigillo sul tuo cuore. Itinerari in vista del Sacramento del Matrimonio&#8221;, entrambi dell\u2019Area 2.<\/p>\n<p><img alt=\"STUDIO, PREGHIERA E CONDIVISIONE: LE FAMIGLIE DI SICILIA FINALMENTE INSIEME IN PRESENZA\" title=\"STUDIO, PREGHIERA E CONDIVISIONE: LE FAMIGLIE DI SICILIA FINALMENTE INSIEME IN PRESENZA\" loading=\"lazy\" class=\"size-medium wp-image-14704 alignright\" src=\"https:\/\/www.chiesedisicilia.org\/chiesedisicilia\/news\/wp-content\/uploads\/sites\/2\/2021\/06\/IMG-20210608-WA0015.jpg\" alt=\"\" width=\"300\" height=\"169\" srcset=\"https:\/\/euwps05.newsmemory.com\/chiesedisicilia\/news\/wp-content\/uploads\/sites\/2\/2021\/06\/IMG-20210608-WA0015.jpg 1920w, https:\/\/euwps05.newsmemory.com\/chiesedisicilia\/news\/wp-content\/uploads\/sites\/2\/2021\/06\/IMG-20210608-WA0015-300x169.jpg 300w, https:\/\/euwps05.newsmemory.com\/chiesedisicilia\/news\/wp-content\/uploads\/sites\/2\/2021\/06\/IMG-20210608-WA0015-1024x576.jpg 1024w, https:\/\/euwps05.newsmemory.com\/chiesedisicilia\/news\/wp-content\/uploads\/sites\/2\/2021\/06\/IMG-20210608-WA0015-768x432.jpg 768w, https:\/\/euwps05.newsmemory.com\/chiesedisicilia\/news\/wp-content\/uploads\/sites\/2\/2021\/06\/IMG-20210608-WA0015-1536x864.jpg 1536w, https:\/\/euwps05.newsmemory.com\/chiesedisicilia\/news\/wp-content\/uploads\/sites\/2\/2021\/06\/IMG-20210608-WA0015-750x422.jpg 750w\" sizes=\"(max-width: 300px) 100vw, 300px\" \/>Per\u00a0<strong>Marilena Cicero e Andrea Vaccalluzzo, della diocesi di Nicosia<\/strong><em>, &#8220;\u00e8 stata un&#8217;esperienza davvero arricchente perch\u00e9 ancora una volta abbiamo avuto l&#8217;ennesima dimostrazione che tutto ci\u00f2 che d\u00e0 davvero senso viaggia sulle relazioni. L\u2019esserci incontrati on line, l\u2019aver approfondito alcune tematiche sicuramente ci aveva preparato ma l\u2019incontro in presenza fa completamente la differenza: \u00e8 la relazione, il confronto vis -a -vis che ci ha ricaricato, rigenerato, ci ha dato tanto coraggio, ci ha stimolato a continuare a lavorare su questo obiettivo comune\u201d<\/em>.<\/p>\n<p>E continuano: \u201c<em>\u00c8 stato davvero bello ritrovarsi con altre coppie e fratelli consacrati che scommettono in un futuro migliore, con gente che ha voglia di creare un mondo pi\u00f9 sano e felice, adoperarsi insieme per gli altri. Tutto come sempre facendo perno su Ges\u00f9, i suoi insegnamenti, il suo mandato, il suo amore per i fratelli e per ognuno di noi chiamato alla sua sequela. Cos\u00ec le celebrazioni Eucaristiche, presieduta dal vescovo di Piazza Armerina Mons. Gisana e da don Luca Leone e il rito di passaggio da un approfondimento all\u2019altro hanno posto nelle mani di Ges\u00f9 il nostro lavoro e il nostro impegno. Come sempre quando ci si mette a servizio chi dice il suo s\u00ec \u00e8 sempre il primo ad ottenere Grazia e benefici nel corpo e nell\u2019anima. Un lavoro davvero oneroso e un progetto ambizioso quello di scommettere sulle famiglie per le famiglie per il quale non possiamo non ringraziare i Vescovi di Sicilia che credono e scommettono nei nuclei familiari come missionari di Ges\u00f9\u201d<\/em>.<\/p>\n<p><img alt=\"STUDIO, PREGHIERA E CONDIVISIONE: LE FAMIGLIE DI SICILIA FINALMENTE INSIEME IN PRESENZA\" title=\"STUDIO, PREGHIERA E CONDIVISIONE: LE FAMIGLIE DI SICILIA FINALMENTE INSIEME IN PRESENZA\" loading=\"lazy\" class=\"size-medium wp-image-14709 alignleft\" src=\"https:\/\/www.chiesedisicilia.org\/chiesedisicilia\/news\/wp-content\/uploads\/sites\/2\/2021\/06\/IMG-20210608-WA0016.jpg\" alt=\"\" width=\"300\" height=\"225\" srcset=\"https:\/\/euwps05.newsmemory.com\/chiesedisicilia\/news\/wp-content\/uploads\/sites\/2\/2021\/06\/IMG-20210608-WA0016.jpg 1600w, https:\/\/euwps05.newsmemory.com\/chiesedisicilia\/news\/wp-content\/uploads\/sites\/2\/2021\/06\/IMG-20210608-WA0016-300x225.jpg 300w, https:\/\/euwps05.newsmemory.com\/chiesedisicilia\/news\/wp-content\/uploads\/sites\/2\/2021\/06\/IMG-20210608-WA0016-1024x768.jpg 1024w, https:\/\/euwps05.newsmemory.com\/chiesedisicilia\/news\/wp-content\/uploads\/sites\/2\/2021\/06\/IMG-20210608-WA0016-768x576.jpg 768w, https:\/\/euwps05.newsmemory.com\/chiesedisicilia\/news\/wp-content\/uploads\/sites\/2\/2021\/06\/IMG-20210608-WA0016-1536x1152.jpg 1536w, https:\/\/euwps05.newsmemory.com\/chiesedisicilia\/news\/wp-content\/uploads\/sites\/2\/2021\/06\/IMG-20210608-WA0016-750x563.jpg 750w\" sizes=\"(max-width: 300px) 100vw, 300px\" \/>Per <strong>Stella e Franco Miceli, della diocesi di Trapani<\/strong>,\u00a0\u201c<em>l&#8217;incontro in presenza del week end ha fatto veramente la differenza. Ci siamo sentiti come in una grande famiglia ed \u00e8 stato come se ci fossimo conosciuti da sempre<\/em>\u201d. Poi, pensando al\u00a0prossimo fine settimana in cui si incontreranno 4 Moduli, due dell\u2019Area 1 e due dell\u2019Area 3, aggiungono: \u201c<em>Auguriamo a tutti di poter anche voi sentire la gioia di stare insieme e riscoprire la grandezza dell&#8217;Amore di Dio<\/em>\u201d. A fargli eco l\u2019<strong>equipe organizzativa<\/strong>: \u201c<em>Forse per qualcuno non \u00e8 facile muoversi<\/em> &#8211; si legge nell\u2019invito &#8211;<em>, ma sappiate che vi aspettiamo a braccia aperte, la Chiesa ha bisogno di voi, la Chiesa ha bisogno di tutti noi che senza paura ci mettiamo insieme per costruire e godere delle gioie della comunione<\/em>\u201d.<\/p>\n","protected":false},"excerpt":{"rendered":"","protected":false},"author":4,"featured_media":14638,"comment_status":"closed","ping_status":"closed","sticky":false,"template":"","format":"standard","meta":[],"categories":[7],"tags":[],"news-destination":[],"news-source":[],"is_homepage":[],"ta_other":[],"_links":{"self":[{"href":"https:\/\/www.chiesedisicilia.org\/chiesedisicilia\/news\/wp-json\/wp\/v2\/posts\/14641"}],"collection":[{"href":"https:\/\/www.chiesedisicilia.org\/chiesedisicilia\/news\/wp-json\/wp\/v2\/posts"}],"about":[{"href":"https:\/\/www.chiesedisicilia.org\/chiesedisicilia\/news\/wp-json\/wp\/v2\/types\/post"}],"author":[{"embeddable":true,"href":"https:\/\/www.chiesedisicilia.org\/chiesedisicilia\/news\/wp-json\/wp\/v2\/users\/4"}],"replies":[{"embeddable":true,"href":"https:\/\/www.chiesedisicilia.org\/chiesedisicilia\/news\/wp-json\/wp\/v2\/comments?post=14641"}],"version-history":[{"count":1,"href":"https:\/\/www.chiesedisicilia.org\/chiesedisicilia\/news\/wp-json\/wp\/v2\/posts\/14641\/revisions"}],"predecessor-version":[{"id":23743,"href":"https:\/\/www.chiesedisicilia.org\/chiesedisicilia\/news\/wp-json\/wp\/v2\/posts\/14641\/revisions\/23743"}],"wp:featuredmedia":[{"embeddable":true,"href":"https:\/\/www.chiesedisicilia.org\/chiesedisicilia\/news\/wp-json\/wp\/v2\/media\/14638"}],"wp:attachment":[{"href":"https:\/\/www.chiesedisicilia.org\/chiesedisicilia\/news\/wp-json\/wp\/v2\/media?parent=14641"}],"wp:term":[{"taxonomy":"category","embeddable":true,"href":"https:\/\/www.chiesedisicilia.org\/chiesedisicilia\/news\/wp-json\/wp\/v2\/categories?post=14641"},{"taxonomy":"post_tag","embeddable":true,"href":"https:\/\/www.chiesedisicilia.org\/chiesedisicilia\/news\/wp-json\/wp\/v2\/tags?post=14641"},{"taxonomy":"news-destination","embeddable":true,"href":"https:\/\/www.chiesedisicilia.org\/chiesedisicilia\/news\/wp-json\/wp\/v2\/news-destination?post=14641"},{"taxonomy":"news-source","embeddable":true,"href":"https:\/\/www.chiesedisicilia.org\/chiesedisicilia\/news\/wp-json\/wp\/v2\/news-source?post=14641"},{"taxonomy":"is_homepage","embeddable":true,"href":"https:\/\/www.chiesedisicilia.org\/chiesedisicilia\/news\/wp-json\/wp\/v2\/is_homepage?post=14641"},{"taxonomy":"ta_other","embeddable":true,"href":"https:\/\/www.chiesedisicilia.org\/chiesedisicilia\/news\/wp-json\/wp\/v2\/ta_other?post=14641"}],"curies":[{"name":"wp","href":"https:\/\/api.w.org\/{rel}","templated":true}]}}